{"id":3365,"date":"2022-02-18T22:59:56","date_gmt":"2022-02-18T22:59:56","guid":{"rendered":"http:\/\/news-fm.ro\/index.php\/2022\/02\/18\/iustin-calin-a-adus-emotie-pe-scena-de-la-romanii-au-talent-cu-piesa-caruso\/"},"modified":"2022-02-18T22:59:56","modified_gmt":"2022-02-18T22:59:56","slug":"iustin-calin-a-adus-emotie-pe-scena-de-la-romanii-au-talent-cu-piesa-caruso","status":"publish","type":"post","link":"https:\/\/news-fm.ro\/index.php\/2022\/02\/18\/iustin-calin-a-adus-emotie-pe-scena-de-la-romanii-au-talent-cu-piesa-caruso\/","title":{"rendered":"Iustin C\u0103lin a adus emo\u021bie pe scena de la Rom\u00e2nii au talent cu piesa &#8220;Caruso&#8221;"},"content":{"rendered":"<p>Numerele de acroba\u021bie fac, de multe ori, deliciul publicului \u00een emisiunile de talente, \u00eens\u0103 \u00een cazul Duo Gemini, juriul a v\u0103zut dincolo de performan\u021b\u0103. Iulea \u0219i Olea din Ucraina i-au vr\u0103jit pe jura\u021bi, Smiley declar\u00e2nd c\u0103 num\u0103rul gemenelor din episodul 3 al show-ului Rom\u00e2nii au talent 2022 a marcat, pentru el, o premier\u0103.<em> &#8220;Eu nu am v\u0103zut a\u0219a ceva \u00een via\u021ba mea. Sunt \u0219ocat&#8221;<\/em>, a spus artistul dup\u0103 ce a urm\u0103rit momentul al\u0103turi de Pavel Barto\u0219.<\/p>\n<p> Cine sunt gemenele care formeaz\u0103 Duo Gemini, de la Rom\u00e2nii au talent 2022 <\/p>\n<p>Iulea \u0219i Olea sunt din Kiev, Ucraina, \u0219i au 30 de ani. Extrem de modeste, dup\u0103 cum a observat \u0219i Andra, cele dou\u0103 au promis c\u0103 se vor str\u0103dui s\u0103 impresioneze cu num\u0103rul lor, f\u0103r\u0103 a p\u0103rea c\u0103 sunt con\u0219tiente pe deplin de abilit\u0103\u021bile lor.<\/p>\n<p>&#8220;Sper\u0103m s\u0103 v\u0103 plac\u0103 \u0219i s\u0103 ajungem la sufletele voastre&#8221;, au spus cele dou\u0103 surori \u00eenainte de a-\u0219i \u00eencepe num\u0103rul de acroba\u021bie cu cercul.<\/p>\n<p>Nu a durat mult p\u00e2n\u0103 c\u00e2nd aprecierile au \u00eenceput s\u0103 curg\u0103 c\u00e2nd de la jura\u021bi, c\u00e2nd din culise. <em>&#8220;Mam\u0103, superb! Superb!&#8221;<\/em>, exclama Smiley din culise, Andi Moisescu not\u00e2nd \u0219i el impresionat: <em>&#8220;Mam\u0103, mam\u0103, ce pozi\u021bii!&#8221;.<\/em><\/p>\n<p>La finalul momentului, ce inclus prize extrem de riscante, cei patru jura\u021bi, dar \u0219i persoane din public, s-au ridicat \u00een picioare pentru a le aplauda.<\/p>\n<p> Andi Moisescu despre Duo Gemini de la Rom\u00e2nii au talent 2022: &#8220;N-am mai \u00eent\u00e2lnit un asemenea nivel de sincronizare. Am fost vr\u0103jit, pe scurt&#8221; <\/p>\n<p>Andi Moisescu a dorit s\u0103 le felicite primul. Acesta a punctat nivelul extrem de ridicat al performan\u021bei reu\u0219ite de Duo Gemini, dar \u0219i arta din spatele acestui sport.<\/p>\n<p>&#8220;A\u021bi fost magnifice, nu \u0219tiu ce s\u0103 zic, c\u0103 nu mai g\u0103sesc cuvinte, trebuie s\u0103 invent\u0103m epitete noi. M\u0103 tot minunez, a\u0219a, de la moment la moment, ce vine din Ucraina \u00een zona asta de acroba\u021bie. Este la un nivel ce pare de-a dreptul imposibil. Face\u021bi tot ce face\u021bi la \u00een\u0103l\u021bime, cu un risc acolo&#8230; nici nu vreau s\u0103 m\u0103 g\u00e2ndesc c\u0103 e la o chestiune de frac\u021biune de secund\u0103. Vreau s\u0103 remarc ceva \u00een mod deosebit. Fiecare moment, dac\u0103 putem \u00eenghe\u021ba cadrul \u0103la, vedem un tablou. Fiecare frac\u021biune de secund\u0103 reprezint\u0103 un tablou, dar \u00een construc\u021bia unui element e un drum. Voi p\u00e2n\u0103 \u0219i drumul \u0103la \u00eel f\u0103cea\u021bi \u00een sincron. N-am mai \u00eent\u00e2lnit un asemenea nivel de sincronizare. Am fost vr\u0103jit, pe scurt.&#8221;<\/p>\n<p> Mihai Bobonete despre Duo Gemini de la Rom\u00e2nii au talent 2022: &#8221; Nu cred c\u0103 exist\u0103 niciun dubiu c\u0103 v\u0103 iubi\u021bi una pe cealalt\u0103 foarte mult \u0219i asta a\u021bi transmis prin tot ceea ce a\u021bi f\u0103cut acolo, \u00een aer&#8221; <\/p>\n<p>Bobo a observat leg\u0103tura extrem de str\u00e2ns\u0103 dintre cele dou\u0103 surori, iubirea, fiind, \u00een opinia sa, elementul cheie.<\/p>\n<p>&#8220;Eu am sim\u021bit c\u0103 tot ceea ce a\u021bi f\u0103cut voi pe scen\u0103 se bazeaz\u0103 pe o dragoste pe care voi v-o purta\u021bi una alteia, mai presus de orice. Nu cred c\u0103 exist\u0103 niciun dubiu c\u0103 v\u0103 iubi\u021bi una pe cealalt\u0103 foarte mult \u0219i asta a\u021bi transmis prin tot ceea ce a\u021bi f\u0103cut acolo, \u00een aer.&#8221;<\/p>\n<p>Spre \u00eenc\u00e2ntarea juratului, una dintre gemene a confirmat: <em>&#8220;A\u021bi \u00een\u021beles bine&#8221;<\/em><em>.<\/em> Drept r\u0103spuns, Bobonete \u0219i-a manifestat imediat bucuria c\u0103 le-a \u00een\u021beles mesajul printr-un <em>&#8220;yeeess!&#8221;<\/em>.<\/p>\n<p>Andra le-a felicitat \u0219i ea pe surorile de la Duo Gemini, asigur\u00e2ndu-le c\u0103 \u0219i copiii ei vor fi la fel de impresiona\u021bi de momentul lor.<\/p>\n<p>&#8220;A fost magnific tot ce-am v\u0103zut \u0219i m\u0103 g\u00e2ndeam a\u0219a: dac-a\u0219 fi fost acas\u0103,<\/p>\n<p> <a class=\"echo_read_more\" href=\"https:\/\/www.infomusic.ro\/2022\/02\/iustin-calin-auditii-romanii-au-talent-2022\/\" target=\"_blank\" rel=\"noopener\">\u00a0\u00bb\u00a0Cite\u0219te continuarea pe pagina autorului<\/a><\/p>\n","protected":false},"excerpt":{"rendered":"<p>Numerele de acroba\u021bie fac, de multe ori, deliciul publicului \u00een emisiunile de talente, \u00eens\u0103 \u00een cazul Duo Gemini, juriul a v\u0103zut dincolo de performan\u021b\u0103. Iulea \u0219i Olea din Ucraina i-au vr\u0103jit pe jura\u021bi, Smiley declar\u00e2nd c\u0103 num\u0103rul gemenelor din episodul 3 al show-ului Rom\u00e2nii au talent 2022 a marcat, pentru el, o premier\u0103. &#8220;Eu nu [&hellip;]<\/p>\n","protected":false},"author":1,"featured_media":3366,"comment_status":"open","ping_status":"open","sticky":false,"template":"","format":"standard","meta":{"_crdt_document":"","footnotes":""},"categories":[4],"tags":[],"class_list":["post-3365","post","type-post","status-publish","format-standard","has-post-thumbnail","hentry","category-noutati"],"_links":{"self":[{"href":"https:\/\/news-fm.ro\/index.php\/wp-json\/wp\/v2\/posts\/3365","targetHints":{"allow":["GET"]}}],"collection":[{"href":"https:\/\/news-fm.ro\/index.php\/wp-json\/wp\/v2\/posts"}],"about":[{"href":"https:\/\/news-fm.ro\/index.php\/wp-json\/wp\/v2\/types\/post"}],"author":[{"embeddable":true,"href":"https:\/\/news-fm.ro\/index.php\/wp-json\/wp\/v2\/users\/1"}],"replies":[{"embeddable":true,"href":"https:\/\/news-fm.ro\/index.php\/wp-json\/wp\/v2\/comments?post=3365"}],"version-history":[{"count":0,"href":"https:\/\/news-fm.ro\/index.php\/wp-json\/wp\/v2\/posts\/3365\/revisions"}],"wp:featuredmedia":[{"embeddable":true,"href":"https:\/\/news-fm.ro\/index.php\/wp-json\/wp\/v2\/media\/3366"}],"wp:attachment":[{"href":"https:\/\/news-fm.ro\/index.php\/wp-json\/wp\/v2\/media?parent=3365"}],"wp:term":[{"taxonomy":"category","embeddable":true,"href":"https:\/\/news-fm.ro\/index.php\/wp-json\/wp\/v2\/categories?post=3365"},{"taxonomy":"post_tag","embeddable":true,"href":"https:\/\/news-fm.ro\/index.php\/wp-json\/wp\/v2\/tags?post=3365"}],"curies":[{"name":"wp","href":"https:\/\/api.w.org\/{rel}","templated":true}]}}