{"id":3361,"date":"2022-02-18T14:59:41","date_gmt":"2022-02-18T14:59:41","guid":{"rendered":"https:\/\/news-fm.ro\/index.php\/2022\/02\/18\/b-u-g-mafia-concerteaza-in-iulie-2022-la-romexpo-preturi-bilete\/"},"modified":"2022-02-18T14:59:41","modified_gmt":"2022-02-18T14:59:41","slug":"b-u-g-mafia-concerteaza-in-iulie-2022-la-romexpo-preturi-bilete","status":"publish","type":"post","link":"https:\/\/news-fm.ro\/index.php\/2022\/02\/18\/b-u-g-mafia-concerteaza-in-iulie-2022-la-romexpo-preturi-bilete\/","title":{"rendered":"B.U.G. Mafia concerteaz\u0103 \u00een iulie 2022 la Romexpo &#8211; Pre\u021buri bilete"},"content":{"rendered":"<p>&#8220;&#8221;S-a stabilit&#8221; \u0219i &#8220;s-a demonstrat&#8221; din nou anul trecut c\u0103 suntem #CeaMaiTareTrupa \u0219i avem #CeiMaiTariFani, c\u00e2nd am f\u0103cut \u00eempreun\u0103 cel mai mare headline show din pandemie \u00een Rom\u00e2nia. Prin urmare nu e nevoie s\u0103 mai spunem asta \u00eenc\u0103 o dat\u0103 \u00eentr-un text prea serios, trecem la ce e important.<\/p>\n<p>Vineri, 29 iulie, va a\u0219tept\u0103m iar la Romexpo (Parcarea C), s\u0103 facem haos dup\u0103 \u00eenc\u0103 un an de restric\u021bii. Preg\u0103tim un concert B.U.G. Mafia a\u0219a cum v-am obi\u0219nuit, cu o produc\u021bie masiv\u0103, cu ecrane mari \u0219i con\u021binut video pe toat\u0103 durata showului, cu multe hituri \u0219i, bine\u00een\u021beles, cu mul\u021bi dintre voi, fanii Mafia al\u0103turi de noi.&#8221; &#8211; B.U.G. Mafia<\/p>\n<\/p>\n<p>Bilete concert B.U.G. Mafia la Romexpo <\/p>\n<ul>\n<li>Categoria A (\u00een fa\u021ba scenei) &#8211; 129 lei<\/li>\n<li>Categoria B &#8211; 99 lei<\/li>\n<li>Categoria C &#8211; 79 lei<\/li>\n<\/ul>\n<p> Accesul la concert <\/p>\n<ul>\n<li>Accesul fanilor va fi permis \u00een baza regulilor ce vor fi \u00een vigoare la data respectiva. Exist\u0103 posibilitatea ca organizatorul s\u0103 fie obligat de lege s\u0103 v\u0103 solicite la intrare dovada unui test pentru COVID-19, a vaccin\u0103rii sau a existen\u021bei anticorpilor.<\/li>\n<li>Copiii sub 2 ani au acces gratuit \u00eenso\u021bi\u021bi de un adult posesor de bilet valabil.<\/li>\n<li>Evenimentul poate include elemente verbale sau vizuale ce pot fi considerate nepotrivite pentru minori.<\/li>\n<\/ul>\n<p>Fondat\u0103 \u00een 1993 de Tataee (Vlad Irimia), Caddillac (Drago\u0219 Vlad-Neagu) \u0219i Uzzi (Alin Demeter),\u00a0B.U.G. Mafia a reprezentat \u00eenc\u0103 de la \u00eenceput un fenomen cu impact major asupra muzicii \u0219i societ\u0103\u021bii rom\u00e2ne\u0219ti.\u00a0Trupa s-a impus rapid \u00een industria muzical\u0103 autohton\u0103, reu\u0219ind s\u0103-\u0219i reconfirme statutul cu fiecare produs de succes.<\/p>\n<p>Hiturile recente semnate B.U.G. Mafia &#8211; &#8220;S\u0103 C\u00e2nte Trompetele&#8221;, &#8220;Pe Coast\u0103&#8221; \u0219i &#8220;Bani, Bani, Bani&#8221; &#8211; au dominat playlist-urile radio \u00een ultimii ani \u0219i au str\u00e2ns milioane de vizualiz\u0103ri pe YouTube. \u00cen anul 2018, B.U.G. Mafia a lansat patru noi piese, &#8220;Nu De Ieri, De Azi&#8221;, &#8220;Schimbu&#8217; 3&#8221;, &#8220;Se Ridic\u0103 \u00cen Aer&#8221;, &#8220;Cad Lan\u021buri&#8221;, urmate la \u00eenceputul lui 2019 de un turneu na\u021bional de cluburi &#8211; &#8220;Terapie De \u0218oc&#8221;- \u0219i de cea de a doua edi\u021bie a propriului festival al trupei, &#8220;Rom\u00e2nie, F\u0103 <\/p>\n<p> <a class=\"echo_read_more\" href=\"https:\/\/www.infomusic.ro\/2022\/02\/b-u-g-mafia-concerte-iulie-2022-romexpo-preturi-bilete\/\" target=\"_blank\" rel=\"noopener\">\u00a0\u00bb\u00a0Cite\u0219te continuarea pe pagina autorului<\/a><\/p>\n","protected":false},"excerpt":{"rendered":"<p>&#8220;&#8221;S-a stabilit&#8221; \u0219i &#8220;s-a demonstrat&#8221; din nou anul trecut c\u0103 suntem #CeaMaiTareTrupa \u0219i avem #CeiMaiTariFani, c\u00e2nd am f\u0103cut \u00eempreun\u0103 cel mai mare headline show din pandemie \u00een Rom\u00e2nia. Prin urmare nu e nevoie s\u0103 mai spunem asta \u00eenc\u0103 o dat\u0103 \u00eentr-un text prea serios, trecem la ce e important. Vineri, 29 iulie, va a\u0219tept\u0103m iar [&hellip;]<\/p>\n","protected":false},"author":1,"featured_media":3362,"comment_status":"open","ping_status":"open","sticky":false,"template":"","format":"standard","meta":{"_crdt_document":"","footnotes":""},"categories":[4],"tags":[],"class_list":["post-3361","post","type-post","status-publish","format-standard","has-post-thumbnail","hentry","category-noutati"],"_links":{"self":[{"href":"https:\/\/news-fm.ro\/index.php\/wp-json\/wp\/v2\/posts\/3361","targetHints":{"allow":["GET"]}}],"collection":[{"href":"https:\/\/news-fm.ro\/index.php\/wp-json\/wp\/v2\/posts"}],"about":[{"href":"https:\/\/news-fm.ro\/index.php\/wp-json\/wp\/v2\/types\/post"}],"author":[{"embeddable":true,"href":"https:\/\/news-fm.ro\/index.php\/wp-json\/wp\/v2\/users\/1"}],"replies":[{"embeddable":true,"href":"https:\/\/news-fm.ro\/index.php\/wp-json\/wp\/v2\/comments?post=3361"}],"version-history":[{"count":0,"href":"https:\/\/news-fm.ro\/index.php\/wp-json\/wp\/v2\/posts\/3361\/revisions"}],"wp:featuredmedia":[{"embeddable":true,"href":"https:\/\/news-fm.ro\/index.php\/wp-json\/wp\/v2\/media\/3362"}],"wp:attachment":[{"href":"https:\/\/news-fm.ro\/index.php\/wp-json\/wp\/v2\/media?parent=3361"}],"wp:term":[{"taxonomy":"category","embeddable":true,"href":"https:\/\/news-fm.ro\/index.php\/wp-json\/wp\/v2\/categories?post=3361"},{"taxonomy":"post_tag","embeddable":true,"href":"https:\/\/news-fm.ro\/index.php\/wp-json\/wp\/v2\/tags?post=3361"}],"curies":[{"name":"wp","href":"https:\/\/api.w.org\/{rel}","templated":true}]}}