{"id":3359,"date":"2022-02-17T22:58:33","date_gmt":"2022-02-17T22:58:33","guid":{"rendered":"https:\/\/news-fm.ro\/index.php\/2022\/02\/17\/laura-bretan-si-invitatii-nick-casciaro-si-eliza-g-concerteaza-in-aprilie-2022-la-sala-palatului\/"},"modified":"2022-02-17T22:58:33","modified_gmt":"2022-02-17T22:58:33","slug":"laura-bretan-si-invitatii-nick-casciaro-si-eliza-g-concerteaza-in-aprilie-2022-la-sala-palatului","status":"publish","type":"post","link":"https:\/\/news-fm.ro\/index.php\/2022\/02\/17\/laura-bretan-si-invitatii-nick-casciaro-si-eliza-g-concerteaza-in-aprilie-2022-la-sala-palatului\/","title":{"rendered":"Laura Bretan \u0219i invita\u021bii Nick Casciaro \u0219i Eliza G concerteaz\u0103 \u00een aprilie 2022 la Sala Palatului"},"content":{"rendered":"<p>Bun\u0103, Eliza! <a href=\"https:\/\/www.infomusic.ro\/interviu\/eliza-g-castigatoarea-cerbului-de-aur-2019-a-fost-romania-mitul-dracula\/\">Ultima oar\u0103 c\u00e2nd am vorbit<\/a>, tocmai <a href=\"https:\/\/www.infomusic.ro\/2019\/08\/eliza-g-din-italia-a-castigat-trofeul-cerbul-de-aur-2019-vezi-lista-castigatorilor\/\">c\u00e2\u0219tigasei Cerbul de Aur<\/a>. Ne-ai spus atunci c\u0103 ai fost atras\u0103 de istoria \u0219i mitologia \u021b\u0103rii noastre dup\u0103 ce ai citit romanul lui Bram Stocker, &#8220;Dracula&#8221;, iar asta se \u00eent\u00e2mpla cu mul\u021bi ani \u00eenainte de a ajunge \u00een Rom\u00e2nia. Ai putea avea, oare, vreo conexiune aparte cu \u021bara noastr\u0103, care te aduce \u00eenapoi atunci c\u00e2nd e momentul potrivit ?<\/p>\n<p>S-ar putea s\u0103 existe! (spune Eliza, z\u00e2mbind) E ca \u0219i cum \u00eentre mine \u0219i Rom\u00e2nia ar exista un fel de leg\u0103tur\u0103 care m\u0103 readuce aici de fiecare dat\u0103 c\u00e2nd am nevoie de energie pozitiv\u0103. Iar dup\u0103 ace\u0219ti ultimi doi ani, chiar am nevoie de aceast\u0103 energie! Sper s\u0103 putem continua &#8220;rela\u021bia&#8221; aceasta c\u00e2t mai mult timp posibil \u0219i s\u0103 tr\u0103im noi aventuri \u00eempreun\u0103!<\/p>\n<p>C\u00e2nd ai luat decizia de a te \u00eenscrie \u00een Selec\u021bia Na\u021bional\u0103 a Rom\u00e2niei pentru Eurovision? Ai luat acest lucru \u00een considerare \u00eenainte de a izbucni pandemia, sau a fost o hot\u0103r\u00e2re luat\u0103 recent?<\/p>\n<p>\u00cen perioada pandemiei a fost dificil s\u0103 m\u0103 g\u00e2ndesc la orice.<\/p>\n<p>  Planificarea a devenit imposibil\u0103 \u00een ultimii doi ani, to\u021bi arti\u0219tii au trebuit s\u0103-\u0219i am\u00e2ne proiectele \u0219i visurile \u0219i \u00eenc\u0103 \u00eencerc\u0103m s\u0103 ne d\u0103m seama ce se va \u00eent\u00e2mpla m\u00e2ine. Sincer vorbind, e foarte dificil. A\u0219a c\u0103 Selec\u021bia Na\u021bional\u0103 este o gur\u0103 de aer proasp\u0103t \u00een mijlocul acestei perioade confuze \u0219i sunt foarte fericit\u0103 s\u0103 \u00eencep aceast\u0103 nou\u0103 c\u0103l\u0103torie.  <\/p>\n<p>Lucrurile s-au derulat foarte rapid pentru mine, dup\u0103 Cerbul de Aur, iar \u00eentr-o clipit\u0103 am intrat cu to\u021bii \u00een izolare, pentru luni la r\u00e2nd, a\u0219a c\u0103 Eurovision-ul e o adev\u0103rat\u0103 binecuv\u00e2ntare!<\/p>\n<p>Ce-i trebuie unei piese pentru a captiva publicul \u00eentr-o competi\u021bie precum Eurovision?<\/p>\n<p>Am urm\u0103rit concursul de-a lungul anilor \u0219i, \u00een opinia mea, toate presta\u021biile care au avut succes au c\u00e2teva lucruri \u00een comun: emo\u021bia, tr\u0103irea, sinceritatea, autenticitatea. Cred c\u0103 atunci c\u00e2nd e\u0219ti sincer pe scen\u0103, c\u00e2nd c\u00e2n\u021bi din toat\u0103 inima \u0219i oferi emo\u021bie publicului, cei care te ascult\u0103 simt asta \u0219i te sprijin\u0103 necondi\u021bionat. Sinceritatea \u0219i emo\u021bia, acestea sunt elementele cheie pentru mine.<\/p>\n<p>Te-ai calificat \u00een semifinala Selec\u021biei Na\u021bionale cu piesa &#8220;The other half of me&#8221;. Cine a compus aceast\u0103 pies\u0103 \u0219i care este mesajul pe care \u00ee\u021bi dore\u0219ti s\u0103-l transmi\u021bi?<\/p>\n<p>Cei care au scris piesa sunt compozitori de top, de la Giuseppe Anastasi (care a c\u00e2\u0219tigat festivalul Sanremo cu piesa &#8220;Controvento&#8221;, \u00een interpretarea Arisei), la Valerio Carboni, care a compus piese pentru mul\u021bi arti\u0219ti italieni de succes, Mike Connaris, un cunoscut produc\u0103tor \u0219i compozitor londonez, \u0219i eu.<\/p>\n<p>  [&#8220;The other half of me&#8221;] este o pies\u0103 pe care o iubesc \u0219i o simt pe deplin, e ca senza\u021bia pe care o ai atunci c\u00e2nd o rochie \u00ee\u021bi vine perfect. Sunt absolut captivat\u0103 de linia sa melodic\u0103 \u0219i de versuri, care au o semnifica\u021bie important\u0103 pentru mine: uneori lucrurile nu merg a\u0219a cum \u021bi-ai dori, iar asta e ok. Accept\u0103 ceea ce va fi \u0219i ce ar fi putut fi f\u0103r\u0103 regrete.  <\/p>\n<p>Identificarea \u0219i recunoa\u0219terea unei gre\u0219eli, a unei probleme este primul pas c\u0103tre remedierea situa\u021biei, at\u00e2t pentru tine, c\u00e2t \u0219i pentru cei din jurul t\u0103u. \u00cenva\u021b\u0103 s\u0103 \u00een\u021belegi importan\u021ba celor dragi \u00een via\u021ba ta \u00eenainte de a-i pierde. Prea des ajungem s\u0103 realiz\u0103m impactul lor asupra noastr\u0103 atunci c\u00e2nd deja i-am pierdut.<\/p>\n<\/p>\n<p>Care crezi c\u0103 este punctul t\u0103u forte \u00een aceast\u0103 competi\u021bie?<\/p>\n<p>Am foarte mult\u0103 experien\u021b\u0103, am avut multe proiecte \u00een multe \u021b\u0103ri, dar nu cred c\u0103 \u0103sta e atuul meu. Mereu am spus c\u0103 un artist poate avea impact doar atunci c\u00e2nd este sincer cu el\/ea \u00eensu\u0219i\/\u00eens\u0103\u0219i \u0219i atunci c\u00e2nd e sincer cu publicul,<\/p>\n<p> <a class=\"echo_read_more\" href=\"https:\/\/www.infomusic.ro\/2022\/02\/laura-bretan-nick-casciaro-eliza-g-concert-aprilie-2022-sala-palatului\/\" target=\"_blank\" rel=\"noopener\">\u00a0\u00bb\u00a0Cite\u0219te continuarea pe pagina autorului<\/a><\/p>\n","protected":false},"excerpt":{"rendered":"<p>Bun\u0103, Eliza! Ultima oar\u0103 c\u00e2nd am vorbit, tocmai c\u00e2\u0219tigasei Cerbul de Aur. Ne-ai spus atunci c\u0103 ai fost atras\u0103 de istoria \u0219i mitologia \u021b\u0103rii noastre dup\u0103 ce ai citit romanul lui Bram Stocker, &#8220;Dracula&#8221;, iar asta se \u00eent\u00e2mpla cu mul\u021bi ani \u00eenainte de a ajunge \u00een Rom\u00e2nia. Ai putea avea, oare, vreo conexiune aparte cu [&hellip;]<\/p>\n","protected":false},"author":1,"featured_media":3360,"comment_status":"open","ping_status":"open","sticky":false,"template":"","format":"standard","meta":{"_crdt_document":"","footnotes":""},"categories":[4],"tags":[],"class_list":["post-3359","post","type-post","status-publish","format-standard","has-post-thumbnail","hentry","category-noutati"],"_links":{"self":[{"href":"https:\/\/news-fm.ro\/index.php\/wp-json\/wp\/v2\/posts\/3359","targetHints":{"allow":["GET"]}}],"collection":[{"href":"https:\/\/news-fm.ro\/index.php\/wp-json\/wp\/v2\/posts"}],"about":[{"href":"https:\/\/news-fm.ro\/index.php\/wp-json\/wp\/v2\/types\/post"}],"author":[{"embeddable":true,"href":"https:\/\/news-fm.ro\/index.php\/wp-json\/wp\/v2\/users\/1"}],"replies":[{"embeddable":true,"href":"https:\/\/news-fm.ro\/index.php\/wp-json\/wp\/v2\/comments?post=3359"}],"version-history":[{"count":0,"href":"https:\/\/news-fm.ro\/index.php\/wp-json\/wp\/v2\/posts\/3359\/revisions"}],"wp:featuredmedia":[{"embeddable":true,"href":"https:\/\/news-fm.ro\/index.php\/wp-json\/wp\/v2\/media\/3360"}],"wp:attachment":[{"href":"https:\/\/news-fm.ro\/index.php\/wp-json\/wp\/v2\/media?parent=3359"}],"wp:term":[{"taxonomy":"category","embeddable":true,"href":"https:\/\/news-fm.ro\/index.php\/wp-json\/wp\/v2\/categories?post=3359"},{"taxonomy":"post_tag","embeddable":true,"href":"https:\/\/news-fm.ro\/index.php\/wp-json\/wp\/v2\/tags?post=3359"}],"curies":[{"name":"wp","href":"https:\/\/api.w.org\/{rel}","templated":true}]}}