{"id":3353,"date":"2022-02-17T14:59:30","date_gmt":"2022-02-17T14:59:30","guid":{"rendered":"https:\/\/news-fm.ro\/index.php\/2022\/02\/17\/il-volo-concerteaza-in-iulie-2022-pe-bt-arena-din-cluj-napoca\/"},"modified":"2022-02-17T14:59:30","modified_gmt":"2022-02-17T14:59:30","slug":"il-volo-concerteaza-in-iulie-2022-pe-bt-arena-din-cluj-napoca","status":"publish","type":"post","link":"https:\/\/news-fm.ro\/index.php\/2022\/02\/17\/il-volo-concerteaza-in-iulie-2022-pe-bt-arena-din-cluj-napoca\/","title":{"rendered":"IL VOLO concerteaz\u0103 \u00een iulie 2022 pe BT Arena din Cluj-Napoca"},"content":{"rendered":"<p>Trupa Il Volo va porni \u00eentr-un nou turneu impresionant cu peste 100 de concerte \u00een \u00eentreaga lume, \u00eencep\u00e2nd din luna martie a anului viitor. Turneul mondial intitulat &#8220;Il Volo Signs Morricone&#8221; poart\u0103 \u0219i numele celui mai recent album al trioului, lansat la \u00eenceputul lunii noiembrie a acestui an, un omagiu adus maestrului Ennio Morricone, unuia dintre cei mai mari muzicieni, compozitori \u0219i dirijori ai secolului XX.<\/p>\n<p>Piero, Ignazio \u0219i Gianluca dedic\u0103 astfel o parte din cariera extraordinar\u0103 lui Ennio Morricone, cu un proiect rafinat, destinat s\u0103 ajung\u0103 direct \u00een inima a milioane de oameni din \u00eentreaga lume, deoarece combin\u0103 melodiile de neuitat ale celebrului dirijor, muzician, compozitor \u0219i autor, ale unora dintre cele mai importante coloane sonore de film din istoria cinematografiei italiene \u0219i interna\u021bionale cu vocile unice ale trioului.<\/p>\n<p>\u00cen ceea ce prive\u0219te concertul de la Sala Palatului, acesta promite s\u0103 fie un eveniment plin de rafinament, \u00een care vocile celor trei tenori vor surprinde din nou audien\u021ba at\u00e2t prin repertoriul muzical special, pres\u0103rat cu amintiri, c\u00e2t \u0219i prin momente \u00eenc\u00e2nt\u0103toare pline de umor. Programul concertului va cuprinde at\u00e2t melodiile de pe noul album, interpret\u0103ri ale compozi\u021biilor legendare semnate de Ennio Morricone, c\u00e2t \u0219i piesele care i-au propulsat \u00een topul celor mai aprecia\u021bi arti\u0219ti interna\u021bionali ai momentului.<\/p>\n<\/p>\n<p>Despre albumul &#8220;Il Volo Sings Morricone&#8221; <\/p>\n<p>Materialul a fost lansat \u00een \u00eentreaga lume pe 5 noiembrie 2021 \u0219i con\u021bine 14 melodii legendare din repertoriul marelui muzician, interpretate de membrii trupei Il Volo \u00een semn de apreciere \u0219i respect profund pentru \u00eentreaga sa activitate, la numai un an de la moartea sa. Acest proiect global marcat nu numai de lansarea albumului, ci \u0219i de organizarea acestui turneu mondial a fost sus\u021binut chiar de familia maestrului Ennio Morricone.<\/p>\n<p>Piero Barone, Ignazio Boschetto \u0219i Gianluca Ginoble au lucrat mai multe luni pentru conceptul muzical, iar pentru \u00eenregistr\u0103rile finale au colaborat cu arti\u0219ti de anvergur\u0103 precum violonistul David Garrett pentru piesa &#8220;La Califfa&#8221;, violoncelistul Stjepan Hauser de la 2Cellos \u00een &#8220;Se&#8221;, trompetistul Chris Botti \u00een &#8220;Come Sail Away&#8221; \u0219i flautistul Andrea Griminelli \u00een &#8220;Nella fantasia&#8221;, de asemenea, \u0219i cu Orchestra Roma Sinfonietta dirijat\u0103 de Maestrul Rota, orchestr\u0103 care a performat al\u0103turi de Ennio Morricone pe marile scene din lume \u00eenc\u0103 din anul 1994, anul \u00eenfiin\u021b\u0103rii acesteia.<\/p>\n<p> Bilete concert Il Volo la Sala Palatu <a class=\"echo_read_more\" href=\"https:\/\/www.infomusic.ro\/2022\/02\/il-volo-concert-iulie-bt-arena-cluj-napoca\/\" target=\"_blank\" rel=\"noopener\">\u00a0\u00bb\u00a0Cite\u0219te continuarea pe pagina autorului<\/a><\/p>\n","protected":false},"excerpt":{"rendered":"<p>Trupa Il Volo va porni \u00eentr-un nou turneu impresionant cu peste 100 de concerte \u00een \u00eentreaga lume, \u00eencep\u00e2nd din luna martie a anului viitor. Turneul mondial intitulat &#8220;Il Volo Signs Morricone&#8221; poart\u0103 \u0219i numele celui mai recent album al trioului, lansat la \u00eenceputul lunii noiembrie a acestui an, un omagiu adus maestrului Ennio Morricone, unuia [&hellip;]<\/p>\n","protected":false},"author":1,"featured_media":3354,"comment_status":"open","ping_status":"open","sticky":false,"template":"","format":"standard","meta":{"_crdt_document":"","footnotes":""},"categories":[4],"tags":[],"class_list":["post-3353","post","type-post","status-publish","format-standard","has-post-thumbnail","hentry","category-noutati"],"_links":{"self":[{"href":"https:\/\/news-fm.ro\/index.php\/wp-json\/wp\/v2\/posts\/3353","targetHints":{"allow":["GET"]}}],"collection":[{"href":"https:\/\/news-fm.ro\/index.php\/wp-json\/wp\/v2\/posts"}],"about":[{"href":"https:\/\/news-fm.ro\/index.php\/wp-json\/wp\/v2\/types\/post"}],"author":[{"embeddable":true,"href":"https:\/\/news-fm.ro\/index.php\/wp-json\/wp\/v2\/users\/1"}],"replies":[{"embeddable":true,"href":"https:\/\/news-fm.ro\/index.php\/wp-json\/wp\/v2\/comments?post=3353"}],"version-history":[{"count":0,"href":"https:\/\/news-fm.ro\/index.php\/wp-json\/wp\/v2\/posts\/3353\/revisions"}],"wp:featuredmedia":[{"embeddable":true,"href":"https:\/\/news-fm.ro\/index.php\/wp-json\/wp\/v2\/media\/3354"}],"wp:attachment":[{"href":"https:\/\/news-fm.ro\/index.php\/wp-json\/wp\/v2\/media?parent=3353"}],"wp:term":[{"taxonomy":"category","embeddable":true,"href":"https:\/\/news-fm.ro\/index.php\/wp-json\/wp\/v2\/categories?post=3353"},{"taxonomy":"post_tag","embeddable":true,"href":"https:\/\/news-fm.ro\/index.php\/wp-json\/wp\/v2\/tags?post=3353"}],"curies":[{"name":"wp","href":"https:\/\/api.w.org\/{rel}","templated":true}]}}