{"id":3275,"date":"2022-02-06T21:00:18","date_gmt":"2022-02-06T21:00:18","guid":{"rendered":"http:\/\/news-fm.ro\/index.php\/2022\/02\/06\/celelalte-cuvinte-a-lansat-piesa-nesupus-single-de-pe-viitorul-album\/"},"modified":"2022-02-06T21:00:18","modified_gmt":"2022-02-06T21:00:18","slug":"celelalte-cuvinte-a-lansat-piesa-nesupus-single-de-pe-viitorul-album","status":"publish","type":"post","link":"https:\/\/news-fm.ro\/index.php\/2022\/02\/06\/celelalte-cuvinte-a-lansat-piesa-nesupus-single-de-pe-viitorul-album\/","title":{"rendered":"Celelalte Cuvinte a lansat piesa &#8220;Nesupus&#8221;, single de pe viitorul album"},"content":{"rendered":"<p>Celelalte Cuvinte vine dup\u0103 un an 2021 \u00een care a \u00eemplinit 40 de ani de carier\u0103 \u015fi intr\u0103 acum \u00eentr-un nou deceniu de existen\u0163\u0103 cu planuri mari. Pe noul track, &#8220;Nesupus&#8221;, care are o lungime respectabil\u0103 auzim elemente de rock progresiv, printre care o percu\u0163ie complex\u0103 \u015fi artificii de chitar\u0103 apreciate de fani. Finalul alunec\u0103 pu\u0163in chiar spre folk rock, abandon\u00e2ndu-se ritmului impus de bas \u015fi o chitar\u0103 mai molatec\u0103.<\/p>\n<p><a href=\"https:\/\/www.infomusic.ro\/2020\/12\/calin-pop-lanseaza-melodia-un-alt-an-audio\/\">C\u0103lin Pop<\/a>, vocalistul \u015fi chitaristul trupei r\u0103m\u00e2ne o for\u0163\u0103 muzical\u0103 \u015fi din punct de vedere vocal, dar \u015fi instrumental. Sunt pasaje ce amintesc de australienii de la Rush pe acest single, dar \u015fi de Deep Purple.<\/p>\n<p>Trupa preg\u0103te\u015fte un concert aniversar de 40 de ani, el <a href=\"https:\/\/www.infomusic.ro\/agenda\/celelalte-cuvinte-concert-rockstadt-februarie-2022\/\">av\u00e2nd loc la Bra\u015fov<\/a> pe 19 februarie 2022. Vom auzi acolo melodii de pe noul album, &#8220;Clepsidra f\u0103r\u0103 nisip&#8221;, dar \u015fi hituri clasice.<\/p>\n<p>Lansat\u0103 \u00een anii &#8217;80, forma\u0163ia Celelalte Cuvinte \u015fi-a atras fanii nu doar datorit\u0103 metaforelor \u0219i muzicalit\u0103\u021bii deosebite, ca \u00een &#8220;Iarb\u0103 prin p\u0103r&#8221;, &#8220;Un sf\u00e2r\u0219it e un \u00eenceput&#8221; sau &#8220;F\u0103r\u0103 cuvinte&#8221;, (\u00een care un aport semnificativ \u00eel are \u0219i talentul de actor al lui Florian Pitti\u0219), dar \u0219i pentru solo-uri de chitar\u0103 unice \u0219i tobele \u00eentr-un pur stil heavy metal ca \u00een &#8220;Se las\u0103 r\u0103u&#8221;.<\/p>\n<\/p>\n<p>Prin albumul &#8220;Ispita&#8221;, or\u0103denii de la Celelalte Cuvinte i-au atras \u0219i pe fanii care \u00eei apreciau pentru poezia deosebit\u0103 din melodiile mai vechi, dar \u0219i pe rockerii purs\u00e2nge, obi\u0219nui\u021bi s\u0103 fac\u0103 pogo pe piesele de pe albumul &#8220;Armaghedon&#8221; (reper \u00een underground-ul rom\u00e2nesc). Celelalte Cuvinte c\u00e2nt\u0103 despre dor, emo\u021bii \u0219i dureri adev\u0103rate, \u00een interpret\u0103ri deosebite \u0219i cu timbrul inconfundabil al vocii lui C\u0103lin Pop, st\u00e2rnind amintiri de neuitat \u00een sufletul fanilor.<\/p>\n<p><a href=\"https:\/\/www.infomusic.ro\/2019\/11\/celelalte-cuvinte-lanseaza-albumul-electric-live\/\">Forma\u0163ia<\/a> a fost \u015fi un pionier al tehnologiei oferind acces fanilor la piese \u00een premier\u0103 pe pagina de Myspace proprie, atunci c\u00e2nd acea re\u0163ea de socializare muzical\u0103 ap\u0103ruse.<\/p>\n<p> <a class=\"echo_read_more\" href=\"https:\/\/www.infomusic.ro\/2022\/02\/celelalte-cuvinte-a-lansat-piesa-nesupus-single-de-pe-viitorul-album\/\" target=\"_blank\" rel=\"noopener\">\u00a0\u00bb\u00a0Cite\u0219te continuarea pe pagina autorului<\/a><\/p>\n","protected":false},"excerpt":{"rendered":"<p>Celelalte Cuvinte vine dup\u0103 un an 2021 \u00een care a \u00eemplinit 40 de ani de carier\u0103 \u015fi intr\u0103 acum \u00eentr-un nou deceniu de existen\u0163\u0103 cu planuri mari. Pe noul track, &#8220;Nesupus&#8221;, care are o lungime respectabil\u0103 auzim elemente de rock progresiv, printre care o percu\u0163ie complex\u0103 \u015fi artificii de chitar\u0103 apreciate de fani. Finalul alunec\u0103 [&hellip;]<\/p>\n","protected":false},"author":1,"featured_media":3276,"comment_status":"open","ping_status":"open","sticky":false,"template":"","format":"standard","meta":{"_crdt_document":"","footnotes":""},"categories":[4],"tags":[],"class_list":["post-3275","post","type-post","status-publish","format-standard","has-post-thumbnail","hentry","category-noutati"],"_links":{"self":[{"href":"https:\/\/news-fm.ro\/index.php\/wp-json\/wp\/v2\/posts\/3275","targetHints":{"allow":["GET"]}}],"collection":[{"href":"https:\/\/news-fm.ro\/index.php\/wp-json\/wp\/v2\/posts"}],"about":[{"href":"https:\/\/news-fm.ro\/index.php\/wp-json\/wp\/v2\/types\/post"}],"author":[{"embeddable":true,"href":"https:\/\/news-fm.ro\/index.php\/wp-json\/wp\/v2\/users\/1"}],"replies":[{"embeddable":true,"href":"https:\/\/news-fm.ro\/index.php\/wp-json\/wp\/v2\/comments?post=3275"}],"version-history":[{"count":0,"href":"https:\/\/news-fm.ro\/index.php\/wp-json\/wp\/v2\/posts\/3275\/revisions"}],"wp:featuredmedia":[{"embeddable":true,"href":"https:\/\/news-fm.ro\/index.php\/wp-json\/wp\/v2\/media\/3276"}],"wp:attachment":[{"href":"https:\/\/news-fm.ro\/index.php\/wp-json\/wp\/v2\/media?parent=3275"}],"wp:term":[{"taxonomy":"category","embeddable":true,"href":"https:\/\/news-fm.ro\/index.php\/wp-json\/wp\/v2\/categories?post=3275"},{"taxonomy":"post_tag","embeddable":true,"href":"https:\/\/news-fm.ro\/index.php\/wp-json\/wp\/v2\/tags?post=3275"}],"curies":[{"name":"wp","href":"https:\/\/api.w.org\/{rel}","templated":true}]}}