{"id":3259,"date":"2022-02-04T18:00:18","date_gmt":"2022-02-04T18:00:18","guid":{"rendered":"http:\/\/news-fm.ro\/index.php\/2022\/02\/04\/son-lux-concerteaza-la-bucuresti-in-iulie-2022\/"},"modified":"2022-02-04T18:00:18","modified_gmt":"2022-02-04T18:00:18","slug":"son-lux-concerteaza-la-bucuresti-in-iulie-2022","status":"publish","type":"post","link":"https:\/\/news-fm.ro\/index.php\/2022\/02\/04\/son-lux-concerteaza-la-bucuresti-in-iulie-2022\/","title":{"rendered":"SON LUX concerteaz\u0103 la Bucure\u0219ti \u00een iulie 2022"},"content":{"rendered":"<p>Dup\u0103 concertele electrizante sus\u021binut <a href=\"https:\/\/www.infomusic.ro\/recenzie-concert\/son-lux-2018-recenzie-part-2\/\">\u00een 2018 \u00een club Control<\/a> \u0219i \u00een Form Space, din Cluj-Napoca, SON LUX revine la Bucure\u0219ti. Forma\u021bia va concerta, de aceast\u0103 dat\u0103, la Arenele Romane, evenimentul urm\u00e2nd s\u0103 aib\u0103 loc pe 19 iulie. Consider\u00e2nd contextul pandemic, se vor respecta normele \u00een vigoare la momentul desf\u0103\u0219ur\u0103rii concertului.<\/p>\n<p>Trupa Son Lux vine din New York, Statele Unite, \u0219i are o activitate de peste un deceniu, bazele proiectului fiind puse \u00een 2008. Materialele de studio ale forma\u021biei au cristalizat un post-rock cu v\u0103dite influen\u021be de muzic\u0103 electronic\u0103. Probabil cea mai notabil\u0103 colaborare a lor este cu Woodkid pe piesa &#8220;Easy&#8221;, live la Montreux Jazz Festival \u00een 2016.<\/p>\n<p>Son Lux a fost \u00eenceput ini\u021bial ca un proiect solo de c\u0103tre Ryan Lott, iar ulterior acestuia i s-au al\u0103turat chitaristul Rafiq Bhatia \u0219i tobosarul Ian Chang. P\u00e2n\u0103 \u00een prezent au lansat 8 albume, cel mai recent &#8220;Tomorrows III&#8221; fiind oferit fanilor anul trecut. Acest disc \u00eencheie trilogia &#8220;Tomorrows&#8221; \u00eenceput\u0103 \u00een 2020. Forma\u021bia este recunoscut\u0103 pentru atmosfera intim\u0103 a show-urilor \u0219i pentru jocurile de lumini complementare pieselor interpretate live.<\/p>\n<\/p>\n<p>Pre\u021burile biletelor la concertul SON LUX de la Arenele Romane: <\/p>\n<ul>\n<li>Premium (cu loc) &#8211; 149 lei \u00een earlybird, 169 lei \u00een presale \u0219i 200 la intrare<\/li>\n<li>Teren (f\u0103r\u0103 loc, \u00een fa\u021ba scenei) &#8211; 119 lei \u00een earlybird, 139 in presale si 160 la intrare<\/li>\n<li>Acces General (cu loc) &#8211; 79 lei \u00een earlybird, 99 lei \u00een presale \u0219i 130 lei la intrare<\/li>\n<\/ul>\n<p>*Perioada earlybird este limitat\u0103 la primele 200 de bilete din fiecare categorie.<\/p>\n<p>*La pre\u021bul tuturor biletelor comandate \u00een earlybird \u0219i presale se adaug\u0103 comisionul de emitere bilet de 10 lei. Pentru biletele &#8220;cu loc&#8221; accesul se face doar prin parc prin lateralele arenei. Pentru biletele de pe Teren accesul se face pe la portile de jos din parc ale Arenelor Romane. Biletele ofer\u0103 participan\u021bilor acces doar \u00een categoriile \u00een care \u0219i-au cump\u0103rat bilet.<\/p>\n<p>  Detalii acces: <\/p>\n<p>Copiii sub 2 ani au acces gratuit doar \u00een zona Teren (nu \u0219i pe scaune) \u0219i \u00eenso\u021bi\u021bi de un adult posesor de bilet valabil.<\/p>\n<p>Organizatorii recomand\u0103 fanilor care vin cu copii sub 10 ani s\u0103 le protejeze urechile cu c\u0103\u0219ti speciale. La concert volumul va fi puternic \u0219i acesta poate afecta auzul copiilor.<\/p>\n<p>Organizatorii vor organiza suficiente puncte de v\u00e2nzare a b\u0103uturilor pentru a evita cozile, Arenele Romane fiind o loca\u021bie propice pentru evenimentele de gen.<\/p>\n<p>Organizatorii vor oferi un <\/p>\n<p> <a class=\"echo_read_more\" href=\"https:\/\/www.infomusic.ro\/2022\/02\/son-lux-concert-bucuresti-iulie-2022\/\" target=\"_blank\" rel=\"noopener\">\u00a0\u00bb\u00a0Cite\u0219te continuarea pe pagina autorului<\/a><\/p>\n","protected":false},"excerpt":{"rendered":"<p>Dup\u0103 concertele electrizante sus\u021binut \u00een 2018 \u00een club Control \u0219i \u00een Form Space, din Cluj-Napoca, SON LUX revine la Bucure\u0219ti. Forma\u021bia va concerta, de aceast\u0103 dat\u0103, la Arenele Romane, evenimentul urm\u00e2nd s\u0103 aib\u0103 loc pe 19 iulie. Consider\u00e2nd contextul pandemic, se vor respecta normele \u00een vigoare la momentul desf\u0103\u0219ur\u0103rii concertului. Trupa Son Lux vine din [&hellip;]<\/p>\n","protected":false},"author":1,"featured_media":3260,"comment_status":"open","ping_status":"open","sticky":false,"template":"","format":"standard","meta":{"_crdt_document":"","footnotes":""},"categories":[4],"tags":[],"class_list":["post-3259","post","type-post","status-publish","format-standard","has-post-thumbnail","hentry","category-noutati"],"_links":{"self":[{"href":"https:\/\/news-fm.ro\/index.php\/wp-json\/wp\/v2\/posts\/3259","targetHints":{"allow":["GET"]}}],"collection":[{"href":"https:\/\/news-fm.ro\/index.php\/wp-json\/wp\/v2\/posts"}],"about":[{"href":"https:\/\/news-fm.ro\/index.php\/wp-json\/wp\/v2\/types\/post"}],"author":[{"embeddable":true,"href":"https:\/\/news-fm.ro\/index.php\/wp-json\/wp\/v2\/users\/1"}],"replies":[{"embeddable":true,"href":"https:\/\/news-fm.ro\/index.php\/wp-json\/wp\/v2\/comments?post=3259"}],"version-history":[{"count":0,"href":"https:\/\/news-fm.ro\/index.php\/wp-json\/wp\/v2\/posts\/3259\/revisions"}],"wp:featuredmedia":[{"embeddable":true,"href":"https:\/\/news-fm.ro\/index.php\/wp-json\/wp\/v2\/media\/3260"}],"wp:attachment":[{"href":"https:\/\/news-fm.ro\/index.php\/wp-json\/wp\/v2\/media?parent=3259"}],"wp:term":[{"taxonomy":"category","embeddable":true,"href":"https:\/\/news-fm.ro\/index.php\/wp-json\/wp\/v2\/categories?post=3259"},{"taxonomy":"post_tag","embeddable":true,"href":"https:\/\/news-fm.ro\/index.php\/wp-json\/wp\/v2\/tags?post=3259"}],"curies":[{"name":"wp","href":"https:\/\/api.w.org\/{rel}","templated":true}]}}