{"id":3257,"date":"2022-02-04T18:00:19","date_gmt":"2022-02-04T18:00:19","guid":{"rendered":"http:\/\/news-fm.ro\/index.php\/2022\/02\/04\/primul-episod-din-sezonul-12-romanii-au-talent-e-transmis-live-online-video\/"},"modified":"2022-02-04T18:00:19","modified_gmt":"2022-02-04T18:00:19","slug":"primul-episod-din-sezonul-12-romanii-au-talent-e-transmis-live-online-video","status":"publish","type":"post","link":"https:\/\/news-fm.ro\/index.php\/2022\/02\/04\/primul-episod-din-sezonul-12-romanii-au-talent-e-transmis-live-online-video\/","title":{"rendered":"Primul episod din sezonul 12 &#8220;Rom\u00e2nii au talent&#8221; e transmis live online &#8211; VIDEO"},"content":{"rendered":"<p>\u00centr-o sear\u0103 cu o concuren\u021b\u0103 acerb\u0103, programul de Revelion 2022 oferit de PRO TV a fost lider de audien\u021b\u0103. Ingredientele folosite pentru atingererea acestui succes cu PROTEVELION-ul au fost variate. Produc\u0103torii au invitat at\u00e2t vedete din cadrul trustului, c\u00e2t \u0219i din afara lui, melanjul de pop \/ rock \/ muzic\u0103 popular\u0103 \/ scenete umoristice fiind pe placul a peste un milion de rom\u00e2ni. Postul a oferit \u0219i un premiu consistent \u00een bani pentru telespectatori &#8211; nu mai pu\u021bin de <a href=\"https:\/\/www.infomusic.ro\/2021\/12\/10000-euro-protevelion-pro-tv-public-premiu-concurs\/\">10,000 de euro<\/a>, detaliu observat \u0219i de Dan Negru, clasat pentru prima oar\u0103 \u00een 22 de ani pe pozi\u021bia a doua \u00een topul Revelioanelor de la TV.<\/p>\n<p> Dan Negru: &#8220;Niciodat\u0103 \u00een istoria tv nu au existat premii de 10 mii de euro pentru telespectatori&#8221; <\/p>\n<p>&#8220;Am v\u0103zut ieri breaking-news-uri \u015fi zeci de \u015ftiri in care eram subiectul principal \u015fi am promis echipei mele c\u0103 vin cu o l\u0103murire public\u0103: 26,2 Pro \u015fi 24,2 Antena a fost audien\u0163a real\u0103 a Revelionului \u00een toat\u0103 \u0163ara, pe publicul na\u0163ional, de la copii la seniori.<\/p>\n<p>Dup\u0103 22 de ani, e prima dat\u0103 c\u00e2nd liderul televiziunilor, Pro TV, e um\u0103r la um\u0103r cu Revelionul nostru. \u00cei aplaud cu fair-play \u015fi \u00eei a\u015ftept \u00een ring la anul! (&#8230;)<\/p>\n<p>Anul \u0103sta\u00a0cel mai performant revelion cost-rezultat a fost, probabil, Rom\u00e2nia TV, dup\u0103 cum cel mai scump a fost ProTv.\u00a0 Niciodat\u0103 \u00een istoria tv nu au existat premii de 10 mii de euro pt telespectatori \u015fi Pro merit\u0103 felicitat c\u0103 a g\u0103sit resursele financiare!&#8221;, a scris Dan Negru \u00eentr-o postare pe Facebook.<\/p>\n<p>O mare parte dintre momentele muzicale \u0219i umoristice din cadrul PROTEVELION-ului au devenit disponibile \u0219i \u00een online. Le pute\u021bi urm\u0103ri mai jos pe cele care au cumulat cele mai multe vizualiz\u0103ri.<\/p>\n<p> Momente muzicale la PROTEVELION 2022: <\/p>\n<p>VIDEO: Andra si Orchestra Fra\u021bilor Advahov<\/p>\n<\/p>\n<p>VIDEO: Smiley &#8211; &#8220;Adeline&#8221; (cover Timpuri Noi)<\/p>\n<\/p>\n<p>VIDEO: Zdob \u0219i Zdub &#038; Fra\u021bii Advahov &#8211; &#8220;Trece vremea omului&#8221; \/ &#8220;Zdubii bate\u021bi tare&#8221; \/ &#8220;Videli Noch&#8221; \/ &#8220;Trenule\u021bul&#8221;<\/p>\n<\/p>\n<p>VIDEO: Irina Rimes &#8211; &#8220;Hora din Moldova&#8221;<\/p>\n<\/p>\n<p>VIDEO: Horia Brenciu \u0219i Theo Rose au creat un moment magic<\/p>\n<\/p>\n<p>VIDEO: Mihai M\u0103rgineanu Medley<\/p>\n<\/p>\n<p>VIDEO: Carla&#8217;s Dreams &#8211; &#8220;Zi una mai s\u0103lt\u0103rea\u021b\u0103&#8221;<\/p>\n<\/p>\n<p>VIDEO: Emilia Doroban\u021bu \u0219i Muzica Reprezentativ\u0103 a Armatei<\/p>\n<\/p>\n<p>Momente umoristice la PROTEVELION 2022 <\/p>\n<p>VIDEO: Hora\u021biu M\u0103l\u0103ele: &#8220;C\u0103s\u0103toria este principalul motiv al divor\u021bului&#8221;<\/p>\n<\/p>\n<p>VIDEO: Mihaela R\u0103dulescu \u0219i Carmen T\u0103nase, \u00eentr-o scenet\u0103 amuzant\u0103<\/p>\n<\/p>\n<p>VIDEO: Anii \u201980 sau prezentul? Emilia Popescu a ar\u0103tat care sunt diferen\u021bele<\/p>\n<\/p>\n<p>VIDEO: Medeea Marinescu \u0219i Marius Manole, scenet\u0103 despre &#8220;cozonaci&#8221;<\/p>\n<\/p>\n<p> <a class=\"echo_read_more\" href=\"https:\/\/www.infomusic.ro\/2022\/02\/primul-episod-romanii-au-talent-sezonul-12-live-online-video\/\" target=\"_blank\" rel=\"noopener\">\u00a0\u00bb\u00a0Cite\u0219te continuarea pe pagina autorului<\/a><\/p>\n","protected":false},"excerpt":{"rendered":"<p>\u00centr-o sear\u0103 cu o concuren\u021b\u0103 acerb\u0103, programul de Revelion 2022 oferit de PRO TV a fost lider de audien\u021b\u0103. Ingredientele folosite pentru atingererea acestui succes cu PROTEVELION-ul au fost variate. Produc\u0103torii au invitat at\u00e2t vedete din cadrul trustului, c\u00e2t \u0219i din afara lui, melanjul de pop \/ rock \/ muzic\u0103 popular\u0103 \/ scenete umoristice fiind [&hellip;]<\/p>\n","protected":false},"author":1,"featured_media":3258,"comment_status":"open","ping_status":"open","sticky":false,"template":"","format":"standard","meta":{"_crdt_document":"","footnotes":""},"categories":[4],"tags":[],"class_list":["post-3257","post","type-post","status-publish","format-standard","has-post-thumbnail","hentry","category-noutati"],"_links":{"self":[{"href":"https:\/\/news-fm.ro\/index.php\/wp-json\/wp\/v2\/posts\/3257","targetHints":{"allow":["GET"]}}],"collection":[{"href":"https:\/\/news-fm.ro\/index.php\/wp-json\/wp\/v2\/posts"}],"about":[{"href":"https:\/\/news-fm.ro\/index.php\/wp-json\/wp\/v2\/types\/post"}],"author":[{"embeddable":true,"href":"https:\/\/news-fm.ro\/index.php\/wp-json\/wp\/v2\/users\/1"}],"replies":[{"embeddable":true,"href":"https:\/\/news-fm.ro\/index.php\/wp-json\/wp\/v2\/comments?post=3257"}],"version-history":[{"count":0,"href":"https:\/\/news-fm.ro\/index.php\/wp-json\/wp\/v2\/posts\/3257\/revisions"}],"wp:featuredmedia":[{"embeddable":true,"href":"https:\/\/news-fm.ro\/index.php\/wp-json\/wp\/v2\/media\/3258"}],"wp:attachment":[{"href":"https:\/\/news-fm.ro\/index.php\/wp-json\/wp\/v2\/media?parent=3257"}],"wp:term":[{"taxonomy":"category","embeddable":true,"href":"https:\/\/news-fm.ro\/index.php\/wp-json\/wp\/v2\/categories?post=3257"},{"taxonomy":"post_tag","embeddable":true,"href":"https:\/\/news-fm.ro\/index.php\/wp-json\/wp\/v2\/tags?post=3257"}],"curies":[{"name":"wp","href":"https:\/\/api.w.org\/{rel}","templated":true}]}}