{"id":3255,"date":"2022-02-04T10:00:11","date_gmt":"2022-02-04T10:00:11","guid":{"rendered":"http:\/\/news-fm.ro\/index.php\/2022\/02\/04\/out-of-office-fest-debuteaza-in-2022-cu-o-prima-editie-in-iunie-sarmalele-reci-byron-si-the-mono-jacks-sunt-in-lineup\/"},"modified":"2022-02-04T10:00:11","modified_gmt":"2022-02-04T10:00:11","slug":"out-of-office-fest-debuteaza-in-2022-cu-o-prima-editie-in-iunie-sarmalele-reci-byron-si-the-mono-jacks-sunt-in-lineup","status":"publish","type":"post","link":"https:\/\/news-fm.ro\/index.php\/2022\/02\/04\/out-of-office-fest-debuteaza-in-2022-cu-o-prima-editie-in-iunie-sarmalele-reci-byron-si-the-mono-jacks-sunt-in-lineup\/","title":{"rendered":"Out of Office Fest debuteaz\u0103 \u00een 2022 cu o prim\u0103 edi\u021bie \u00een iunie; Sarmalele Reci, Byron \u0219i The Mono Jacks sunt \u00een lineup"},"content":{"rendered":"<p><a href=\"https:\/\/www.infomusic.ro\/stiri\/muzica\/concerte-turnee\/\">Concerte &#038; turnee<\/a>   <\/p>\n<p>\u00cencep\u00e2nd din 2022, Bucure\u0219tiul va g\u0103zdui un nou eveniment anual. Out of Office Fest promite s\u0103 fie un festival al libert\u0103\u021bii, \u00een care muzica rock e la ea acas\u0103. Prima edi\u021bie are loc \u00een iunie, la Arenele Romane, iar din lineup fac parte trupe ca Sarmalele Reci, Byron \u0219i The Mono Jacks. <\/p>\n<p><img loading=\"lazy\" decoding=\"async\" alt=\"\" height=\"46\" loading=\"lazy\" src=\"https:\/\/secure.gravatar.com\/avatar\/d3ceb0679b73e345f2004df5cf49d9e5?s=46&#038;d=blank&#038;r=g\"  width=\"46\"\/> <\/p>\n<p>Publicat<\/p>\n<p>acum 23 de ore<\/p>\n<p>pe<\/p>\n<p>03\/02\/2022<\/p>\n<p><img fetchpriority=\"high\" decoding=\"async\" alt=\"Doru Tr\u0103sc\u0103u (The Mono Jacks)\" height=\"533\"  src=\"https:\/\/static.infomusic.ro\/media\/2021\/01\/doru-trascau-the-mono-jacks-livia-vaduva-800x533.jpg\"  width=\"800\"\/><\/p>\n<p> Doru Tr\u0103sc\u0103u (The Mono Jacks) \u2502 FOTO: Livia V\u0103duva <\/p>\n<p>Vara aceasta, antreprenorii vor avea parte de un festival care le este dedicat. Out of Office Fest 2022, un eveniment organizat de Revista Club Antreprenor, va avea loc s\u00e2mb\u0103t\u0103, pe 18 iunie, la Arenele Romane din Bucure\u0219ti. Evenimentul se dore\u0219te a fi unul anual, 2022 marc\u00e2nd prima edi\u021bie.<\/p>\n<p>  &#8220;Out of Office Fest 2022 va fi un festival al libert\u0103\u021bii, al bucuriei \u0219i al revenirii la normalitate &#8221; <\/p>\n<p>&#8220;Este un festival de muzic\u0103 rock dedicat antreprenorilor, oamenilor care recl\u0103desc \u0219i modernizeaz\u0103 Rom\u00e2nia. Acest eveniment este o dovad\u0103 de respect pentru antreprenorii rom\u00e2ni. (&#8230;)<\/p>\n<p>Out of Office Fest 2022 va fi un festival al libert\u0103\u021bii, al bucuriei \u0219i al revenirii la normalitate. Acest eveniment urmeaz\u0103 s\u0103 se desf\u0103\u0219oare \u00een fiecare an, \u00een luna iunie&#8221;, au transmis organizatorii.<\/p>\n<p> Program Out of Office Fest 2022: <\/p>\n<p>Out of Office Fest 2022 are deja lineup-ul conturat. La prima edi\u021bie a acestui eveniment vor concerta trupe \u00eendr\u0103gite din alternativul rom\u00e2nesc, respectiv Rockabella, EMIL, Sarmalele Reci, Byron, The Mono Jacks \u0219i COMA.<\/p>\n<ul>\n<li>17:30: Deschiderea por\u021bilor<\/li>\n<li>18:45 &#8211; 19:15: Mesaje parteneri<\/li>\n<li>19:15 &#8211; 19:45: Rockabella<\/li>\n<li>20:00 &#8211;\u00a0 20:45: EMIL<\/li>\n<li>21:00 &#8211; 21:45: Sarmalele Reci<\/li>\n<li>22:00 &#8211; 22:45: Byron<\/li>\n<li>23:00 &#8211; 23:45: The Mono Jacks<\/li>\n<li>00:00 &#8211; 00:45: COMA<\/li>\n<\/ul>\n<p> Pre\u021buri bilete la Out of Office Fest 2022: <\/p>\n<ul>\n<li>100 lei &#8211; Early Bird (reducere p\u00e2n\u0103 pe 31.03.2022, inclusiv)<\/li>\n<li>130 lei &#8211; Presale 1 (reducere p\u00e2n\u0103 pe 31.05.2022, inclusiv)<\/li>\n<li>150 lei &#8211; Presale 2 (reducere p\u00e2n\u0103 pe 17.06.2022, inclusiv)<\/li>\n<li>180 lei &#8211; Acces (\u00een ziua evenimentului)<\/li>\n<\/ul>\n<p>Se pune \u00een v\u00e2nzare un num\u0103r limitat de bilete.<\/p>\n<p>  Reguli de acces: <\/p>\n<p>Copiii cu v\u00e2rsta p\u00e2n\u0103 \u00een 12 ani au acces gratuit, dac\u0103 sunt \u00eenso\u021bi\u021bi de un p\u0103rinte sau tutore posesor de bilet.<\/p>\n<p>Intrarea la eveniment se face \u00een baza regulamentului organizatorului \u0219i include respectarea tuturor restric\u021biilor \u0219i ale posibilelor condi\u021bii suplimentare impuse de autorit\u0103\u021bile locale \u00eenainte de eveniment \u0219i \u00een timpul desf\u0103\u0219ur\u0103rii evenimentului.<\/p>\n<p>Pentru a asigura s\u0103n\u0103tatea \u0219i siguran\u021ba participan\u021bilor, a staff-ului \u0219i a arti\u0219tilor, evenimentul se va desf\u0103\u0219ura cu respectarea m\u0103surilor legale locale impuse de autorit\u0103\u021bi la data desf\u0103\u0219ur\u0103rii evenimentului. Organizatorul \u00ee\u0219i rezerva dreptul de a impune oricare sau toate dintre m\u0103surile urm\u0103toare pentru participan\u021bi: prezentarea certificatului verde, prezentarea dovezii vaccin\u0103rii \u0219i\/ sau dovezii test\u0103rii \u0219i\/ sau dovezii prezen\u021bei anticorpilor pentru SARS-CoV2, p\u0103strarea distan\u021bei sociale fa\u021b\u0103 de al\u021bi participan\u021bi, minimizarea aglomer\u0103rii de oameni prin acceptarea sosirii la loca\u021bie la orele comunicate \u0219i\/ sau purtarea m\u0103\u0219tii. Mai multe detalii privind regulamentul de acces vor fi comunicate \u00een zilele din apropierea evenimentului.<\/p>\n<p>      \u00ce\u021bi recomand\u0103m aceste videoclipuri        <\/p>\n<p><img decoding=\"async\" alt=\"INFOMUSIC\" height=\"150\" src=\"https:\/\/static.infomusic.ro\/logo-slogan.svg\" width=\"150\"\/><\/p>\n<p>                <a href=\"https:\/\/www.infomusic.ro\/stiri\/muzica\/concerte-turnee\/\">Concerte &#038; turnee<\/a>   <\/p>\n<p>Festivalul de rock alternativ Living Rock continu\u0103 \u00een 2022 cu cea de-a treia edi\u021bie. Pe afi\u0219 apar Coma, The Mono Jacks \u0219i alte dou\u0103 forma\u021bii \u00eendr\u0103gite din alternativul rom\u00e2nesc, noi nume urm\u00e2nd a completa lineup-ul. Evenimentul se desf\u0103\u0219oar\u0103 la mare, pe Plaja Tuzla.<\/p>\n<p><img loading=\"lazy\" decoding=\"async\" alt=\"\" height=\"46\" loading=\"lazy\" src=\"https:\/\/secure.gravatar.com\/avatar\/d3ceb0679b73e345f2004df5cf49d9e5?s=46&#038;d=blank&#038;r=g\"  width=\"46\"\/> <\/p>\n<p>Publicat<\/p>\n<p>acum o lun\u0103<\/p>\n<p>pe<\/p>\n<p>29\/12\/2021 <\/p>\n<p><img loading=\"lazy\" decoding=\"async\" alt=\"\" height=\"533\" loading=\"lazy\"  src=\"https:\/\/static.infomusic.ro\/media\/2016\/11\/coma-concert-orizont-arenele-romane-2016-0952-800x533.jpg\"  width=\"800\"\/> <\/p>\n<p> Concert Coma la Arenele Romane &#8211; lansarea albumului Orizont \u2502 FOTO: Ionut Paraschiv \/ InfoMusic.ro <\/p>\n<p>Nisip fin,<\/p>\n<p> <a class=\"echo_read_more\" href=\"https:\/\/www.infomusic.ro\/2022\/02\/out-of-office-fest-2022-iunie-sarmalele-reci-byron-the-mono-jacks\/\" target=\"_blank\" rel=\"noopener\">\u00a0\u00bb\u00a0Cite\u0219te continuarea pe pagina autorului<\/a><\/p>\n","protected":false},"excerpt":{"rendered":"<p>Concerte &#038; turnee \u00cencep\u00e2nd din 2022, Bucure\u0219tiul va g\u0103zdui un nou eveniment anual. Out of Office Fest promite s\u0103 fie un festival al libert\u0103\u021bii, \u00een care muzica rock e la ea acas\u0103. Prima edi\u021bie are loc \u00een iunie, la Arenele Romane, iar din lineup fac parte trupe ca Sarmalele Reci, Byron \u0219i The Mono Jacks. [&hellip;]<\/p>\n","protected":false},"author":1,"featured_media":3256,"comment_status":"open","ping_status":"open","sticky":false,"template":"","format":"standard","meta":{"_crdt_document":"","footnotes":""},"categories":[4],"tags":[],"class_list":["post-3255","post","type-post","status-publish","format-standard","has-post-thumbnail","hentry","category-noutati"],"_links":{"self":[{"href":"https:\/\/news-fm.ro\/index.php\/wp-json\/wp\/v2\/posts\/3255","targetHints":{"allow":["GET"]}}],"collection":[{"href":"https:\/\/news-fm.ro\/index.php\/wp-json\/wp\/v2\/posts"}],"about":[{"href":"https:\/\/news-fm.ro\/index.php\/wp-json\/wp\/v2\/types\/post"}],"author":[{"embeddable":true,"href":"https:\/\/news-fm.ro\/index.php\/wp-json\/wp\/v2\/users\/1"}],"replies":[{"embeddable":true,"href":"https:\/\/news-fm.ro\/index.php\/wp-json\/wp\/v2\/comments?post=3255"}],"version-history":[{"count":0,"href":"https:\/\/news-fm.ro\/index.php\/wp-json\/wp\/v2\/posts\/3255\/revisions"}],"wp:featuredmedia":[{"embeddable":true,"href":"https:\/\/news-fm.ro\/index.php\/wp-json\/wp\/v2\/media\/3256"}],"wp:attachment":[{"href":"https:\/\/news-fm.ro\/index.php\/wp-json\/wp\/v2\/media?parent=3255"}],"wp:term":[{"taxonomy":"category","embeddable":true,"href":"https:\/\/news-fm.ro\/index.php\/wp-json\/wp\/v2\/categories?post=3255"},{"taxonomy":"post_tag","embeddable":true,"href":"https:\/\/news-fm.ro\/index.php\/wp-json\/wp\/v2\/tags?post=3255"}],"curies":[{"name":"wp","href":"https:\/\/api.w.org\/{rel}","templated":true}]}}