{"id":3241,"date":"2022-02-03T08:00:24","date_gmt":"2022-02-03T08:00:24","guid":{"rendered":"http:\/\/news-fm.ro\/index.php\/2022\/02\/03\/korn-a-lansat-piesa-muscatoare-lost-in-the-grandeur-audio\/"},"modified":"2022-02-03T08:00:24","modified_gmt":"2022-02-03T08:00:24","slug":"korn-a-lansat-piesa-muscatoare-lost-in-the-grandeur-audio","status":"publish","type":"post","link":"https:\/\/news-fm.ro\/index.php\/2022\/02\/03\/korn-a-lansat-piesa-muscatoare-lost-in-the-grandeur-audio\/","title":{"rendered":"Korn a lansat piesa mu\u015fc\u0103toare &#8220;Lost In the Grandeur&#8221; &#8211; AUDIO"},"content":{"rendered":"<p>Grupul american va lansa albumul &#8220;Requiem&#8221; pe 4 februarie \u015fi \u00eel prefa\u0163eaz\u0103 \u00een noaptea dintre 3 \u015fi 4 februarie cu un &#8220;Requiem Mass&#8221;, o slujb\u0103 de comemorare care are loc la Biserica Metodist\u0103 Hollywood United. Ceremonia se va difuza pe canalul YouTube al trupei Korn \u015fi va include \u015fi un concert un pic mai acustic dec\u00e2t de obicei, \u0163inut \u00een fa\u0163a a 300 de fani. Cat despre piesa &#8220;Lost In the Grandeur&#8221;, ea este mult mai agresiv\u0103 \u015fi sacadat\u0103, dar \u015fi mu\u015fc\u0103toare \u00een compara\u0163ie cu primul single de pe album, <a href=\"https:\/\/www.infomusic.ro\/videoclip\/korn-start-the-healing\/\">&#8220;Start the Healing&#8221;<\/a>, din 2021.<\/p>\n<p>La \u00eenceput de an 2022 am putut asculta \u015fi track-ul <a href=\"https:\/\/www.infomusic.ro\/2022\/01\/asculta-forgotten-noua-piesa-lansata-de-trupa-korn-audio\/\">&#8220;Forgotten&#8221;<\/a>. Reperul din nu-metal ajunge la 14 albume de studio odat\u0103 cu &#8220;Requiem&#8221; \u015fi se joac\u0103 cu efectele chitarelor electrice \u00eentr-un mod foarte satisf\u0103c\u0103tor pentru urechile fanilor. Solistul Jonathan Davis alterneaz\u0103 \u00eentre agresivitate \u015fi bl\u00e2nde\u0163e, prima servit\u0103 spre final de pies\u0103 \u015fi a doua pe refren \u015fi la \u00eenceputul single-ului.<\/p>\n<\/p>\n<p>Despre &#8220;Requiem&#8221; chitaristul James &#8220;Munky&#8221; Shaffer a spus urm\u0103toarele \u00eentr-un interviu cu Loudwire:<\/p>\n<p>Mai \u0163ine\u0163i minte albumul &#8220;Untouchables&#8221;? Are un vibe de \u00eenceput de ani 2000 pentru mine. Nu \u015ftiu de ce, poate pentru c\u0103 am muncit mai mult la p\u0103r\u0163ile de chitar\u0103. Cred c\u0103 va fi nevoie de ceva timp pentru a fi digerat de fani. De asemenea trebuie s\u0103 lua\u0163i \u00een calcul \u015fi starea mental\u0103 \u00een care ne aflam, \u00een mijlocul pandemiei, cu lumea blocat\u0103 \u015fi Los Angeles-ul cu incendii mari, cu cerul portocaliu. Totul p\u0103rea distopic.<\/p>\n<p>Chitaristul a dezv\u0103luit c\u0103 s-a \u00eemboln\u0103vit pentru a doua oar\u0103 de Covid-19 chiar la \u00eenceput de an. Korn se afl\u0103 \u00een aceast\u0103 perioad\u0103 \u00een turneu al\u0103turi de trupele Chevelle \u015fi Code Orange, cu opriri numai \u00een SUA. Viitorul LP are 9 piese \u015fi vine dup\u0103 albumul &#8220;The Nothing&#8221; din 2019, care a primit numai note de 8, 9 \u015fi 10 de la criticii muzicali.<\/p>\n<p> <a class=\"echo_read_more\" href=\"https:\/\/www.infomusic.ro\/2022\/02\/korn-a-lansat-piesa-muscatoare-lost-in-the-grandeur-audio\/\" target=\"_blank\" rel=\"noopener\">\u00a0\u00bb\u00a0Cite\u0219te continuarea pe pagina autorului<\/a><\/p>\n","protected":false},"excerpt":{"rendered":"<p>Grupul american va lansa albumul &#8220;Requiem&#8221; pe 4 februarie \u015fi \u00eel prefa\u0163eaz\u0103 \u00een noaptea dintre 3 \u015fi 4 februarie cu un &#8220;Requiem Mass&#8221;, o slujb\u0103 de comemorare care are loc la Biserica Metodist\u0103 Hollywood United. Ceremonia se va difuza pe canalul YouTube al trupei Korn \u015fi va include \u015fi un concert un pic mai acustic [&hellip;]<\/p>\n","protected":false},"author":1,"featured_media":3242,"comment_status":"open","ping_status":"open","sticky":false,"template":"","format":"standard","meta":{"_crdt_document":"","footnotes":""},"categories":[4],"tags":[],"class_list":["post-3241","post","type-post","status-publish","format-standard","has-post-thumbnail","hentry","category-noutati"],"_links":{"self":[{"href":"https:\/\/news-fm.ro\/index.php\/wp-json\/wp\/v2\/posts\/3241","targetHints":{"allow":["GET"]}}],"collection":[{"href":"https:\/\/news-fm.ro\/index.php\/wp-json\/wp\/v2\/posts"}],"about":[{"href":"https:\/\/news-fm.ro\/index.php\/wp-json\/wp\/v2\/types\/post"}],"author":[{"embeddable":true,"href":"https:\/\/news-fm.ro\/index.php\/wp-json\/wp\/v2\/users\/1"}],"replies":[{"embeddable":true,"href":"https:\/\/news-fm.ro\/index.php\/wp-json\/wp\/v2\/comments?post=3241"}],"version-history":[{"count":0,"href":"https:\/\/news-fm.ro\/index.php\/wp-json\/wp\/v2\/posts\/3241\/revisions"}],"wp:featuredmedia":[{"embeddable":true,"href":"https:\/\/news-fm.ro\/index.php\/wp-json\/wp\/v2\/media\/3242"}],"wp:attachment":[{"href":"https:\/\/news-fm.ro\/index.php\/wp-json\/wp\/v2\/media?parent=3241"}],"wp:term":[{"taxonomy":"category","embeddable":true,"href":"https:\/\/news-fm.ro\/index.php\/wp-json\/wp\/v2\/categories?post=3241"},{"taxonomy":"post_tag","embeddable":true,"href":"https:\/\/news-fm.ro\/index.php\/wp-json\/wp\/v2\/tags?post=3241"}],"curies":[{"name":"wp","href":"https:\/\/api.w.org\/{rel}","templated":true}]}}