{"id":3235,"date":"2022-02-03T00:00:16","date_gmt":"2022-02-03T00:00:16","guid":{"rendered":"http:\/\/news-fm.ro\/index.php\/2022\/02\/03\/videoclipul-evanescence-filmat-in-romania-a-trecut-de-1-miliard-de-vizualizari\/"},"modified":"2022-02-03T00:00:16","modified_gmt":"2022-02-03T00:00:16","slug":"videoclipul-evanescence-filmat-in-romania-a-trecut-de-1-miliard-de-vizualizari","status":"publish","type":"post","link":"https:\/\/news-fm.ro\/index.php\/2022\/02\/03\/videoclipul-evanescence-filmat-in-romania-a-trecut-de-1-miliard-de-vizualizari\/","title":{"rendered":"Videoclipul Evanescence filmat \u00een Rom\u00e2nia a trecut de 1 miliard de vizualiz\u0103ri"},"content":{"rendered":"<p>Pe 7 iunie 2022, Evanescence revine la Bucure\u0219ti, urm\u00e2nd s\u0103 prezinte fanilor piese de pe cel mai recent material, &#8220;The Bitter Truth&#8221;. Show-ul va avea loc la 3 ani de la ultima vizit\u0103 a forma\u021biei \u00een \u021bara noastr\u0103, ce s-a soldat cu <a href=\"https:\/\/www.infomusic.ro\/recenzie-concert\/evanescence-la-arenele-romane-amy-lee-and-co-au-stralucit-pentru-a-cincea-oara-in-romania\/\">un concert desf\u0103\u0219urat tot la Arenele Romane<\/a>. Noul eveniment, din 2022, va marca cel de-al \u0219aselea concert Evanescence \u00een Rom\u00e2nia.<\/p>\n<p>Evanescence se afl\u0103 din nou \u00eentr-o formul\u0103 magic\u0103 \u00een care vocea celebrei vocaliste Amy Lee \u00eennobileaz\u0103 piesele care au consacrat trupa \u0219i care au r\u0103mas nemuritoare pe buzele fanilor din \u00eentreaga lume. Cu albume v\u00e2ndute \u00een zeci de milioane de exemplare \u00een \u00eentreaga lume, muzica Evanescence a fost r\u0103spl\u0103tit\u0103 cu numeroase nominaliz\u0103ri \u0219i premii interna\u021bionale, printre care dou\u0103 Grammy-uri primite \u00een anul 2004 pentru piesa &#8220;Bring Me To Life&#8221;, la categoriile &#8220;Best New Artist&#8221; \u0219i &#8220;Best Hard Rock Performance&#8221;.<\/p>\n<p>Albumul &#8220;Fallen&#8221; a ramas p\u00e2n\u0103 \u00een prezent \u00een topul preferin\u021belor celor ce iubesc muzica rock, acesta fiind certificat cu platin\u0103 \u00een \u00eentreaga lume. &#8220;Fallen&#8221; este unul dintre cele opt albume, ale tuturor timpurilor, care au reu\u0219it s\u0103 r\u0103m\u00e2na \u00een top Billboad 200 pentru o perioada mai mare de un an. &#8220;The Open Door&#8221; (2006) a marcat un nou succes \u00een palmaresul celebrului grup, cu piese precum &#8220;Lithium&#8221; sau &#8220;Sweet Sacrifice&#8221;, iar &#8220;Evanescence&#8221; (2011) a ajuns pe primele locuri imediat dup\u0103 lansare \u0219i a fost premiat cu Aur \u00een Australia, Canada \u0219i Marea Britanie.<\/p>\n<p>Muzica forma\u021biei Evanescence poart\u0103 o palet\u0103 \u00eentreag\u0103 de influen\u021be \u0219i a fost \u00eencadrat\u0103 de c\u0103tre critici \u00een diverse categorii, de la rock, nu metal \u0219i gothic, la industrial, progressive sau hard rock. Cu valen\u021be sofisticate \u0219i o aten\u021bie deosebit\u0103 pentru detalii, Evanescence a reu\u0219it s\u0103 ofere publicului piese fascinante, care au trecut deja proba timpului.<\/p>\n<\/p>\n<p>Pre\u021buri bilete la concertul Evanescence din iunie 2022: <\/p>\n<p>Primele 200 de bilete vor avea pre\u021buri Early Bird, pentru fiecare categorie \u00een parte. Se vor putea cump\u0103ra at\u00e2t bilete cu loc, c\u00e2t \u0219i f\u0103r\u0103. Pentru mai multe detalii, accesa\u021bi <a href=\"https:\/\/www.infomusic.ro\/agenda\/evanescence-concert-arenele-romane-2022\/\">Agenda InfoMusic<\/a>.<\/p>\n<p> <a class=\"echo_read_more\" href=\"https:\/\/www.infomusic.ro\/2022\/02\/videoclipul-evanescence-filmat-in-romania-a-trecut-de-1-miliard-de-vizualizari\/\" target=\"_blank\" rel=\"noopener\">\u00a0\u00bb\u00a0Cite\u0219te continuarea pe pagina autorului<\/a><\/p>\n","protected":false},"excerpt":{"rendered":"<p>Pe 7 iunie 2022, Evanescence revine la Bucure\u0219ti, urm\u00e2nd s\u0103 prezinte fanilor piese de pe cel mai recent material, &#8220;The Bitter Truth&#8221;. Show-ul va avea loc la 3 ani de la ultima vizit\u0103 a forma\u021biei \u00een \u021bara noastr\u0103, ce s-a soldat cu un concert desf\u0103\u0219urat tot la Arenele Romane. Noul eveniment, din 2022, va marca [&hellip;]<\/p>\n","protected":false},"author":1,"featured_media":3236,"comment_status":"open","ping_status":"open","sticky":false,"template":"","format":"standard","meta":{"_crdt_document":"","footnotes":""},"categories":[4],"tags":[],"class_list":["post-3235","post","type-post","status-publish","format-standard","has-post-thumbnail","hentry","category-noutati"],"_links":{"self":[{"href":"https:\/\/news-fm.ro\/index.php\/wp-json\/wp\/v2\/posts\/3235","targetHints":{"allow":["GET"]}}],"collection":[{"href":"https:\/\/news-fm.ro\/index.php\/wp-json\/wp\/v2\/posts"}],"about":[{"href":"https:\/\/news-fm.ro\/index.php\/wp-json\/wp\/v2\/types\/post"}],"author":[{"embeddable":true,"href":"https:\/\/news-fm.ro\/index.php\/wp-json\/wp\/v2\/users\/1"}],"replies":[{"embeddable":true,"href":"https:\/\/news-fm.ro\/index.php\/wp-json\/wp\/v2\/comments?post=3235"}],"version-history":[{"count":0,"href":"https:\/\/news-fm.ro\/index.php\/wp-json\/wp\/v2\/posts\/3235\/revisions"}],"wp:featuredmedia":[{"embeddable":true,"href":"https:\/\/news-fm.ro\/index.php\/wp-json\/wp\/v2\/media\/3236"}],"wp:attachment":[{"href":"https:\/\/news-fm.ro\/index.php\/wp-json\/wp\/v2\/media?parent=3235"}],"wp:term":[{"taxonomy":"category","embeddable":true,"href":"https:\/\/news-fm.ro\/index.php\/wp-json\/wp\/v2\/categories?post=3235"},{"taxonomy":"post_tag","embeddable":true,"href":"https:\/\/news-fm.ro\/index.php\/wp-json\/wp\/v2\/tags?post=3235"}],"curies":[{"name":"wp","href":"https:\/\/api.w.org\/{rel}","templated":true}]}}