{"id":3122,"date":"2020-06-30T04:40:44","date_gmt":"2020-06-30T04:40:44","guid":{"rendered":"http:\/\/news-fm.ro\/?p=3122"},"modified":"2020-06-30T04:40:49","modified_gmt":"2020-06-30T04:40:49","slug":"beyonce-anunta-lansarea-albumului-vizual-black-is-king","status":"publish","type":"post","link":"https:\/\/news-fm.ro\/index.php\/2020\/06\/30\/beyonce-anunta-lansarea-albumului-vizual-black-is-king\/","title":{"rendered":"Beyonce anun\u021b\u0103 lansarea albumului vizual &#8220;Black Is King&#8221;"},"content":{"rendered":"\n<figure class=\"wp-block-image size-large\"><img decoding=\"async\" src=\"https:\/\/news-fm.ro\/wp-content\/uploads\/2020\/06\/beyonce-black-is-king-trailer-800x534-1.jpg\" alt=\"\" class=\"wp-image-3123\"\/><\/figure>\n\n\n\n<p class=\"wp-block-paragraph\">Beyonce continu\u0103 tradi\u021bia albumelor vizuale \u00eenceput\u0103 \u00een 2013 \u0219i anun\u021b\u0103 lansarea unui nou material de studio de acest tip. &#8220;Black Is King&#8221; va fi lansat exclusiv pe Disney Plus \u0219i va avea ca punct de pornire celebra poveste relatat\u0103 \u00een &#8220;The Lion King&#8221;.<\/p>\n\n\n\n<p class=\"wp-block-paragraph\"><strong>Albumul vizual &#8220;Black Is King&#8221; este scris, regizat \u0219i produs de Beyonce<\/strong>.&nbsp; Pornind de la colaboarea pe care artista a avut-o cu Disney pentru pelicula &#8220;The Lion King&#8221;, acest material vizual&nbsp;<em>&#8220;aduce \u00een actualitate lec\u021biile pe care The Lion King le-a \u00eenv\u0103\u021bat, pentru a-i ghida pe tinerii regi \u0219i regine afla\u021bi \u00een c\u0103utarea propriilor coroane&#8221;<\/em>. La produc\u021bia acestui film s-a lucrat un an de zile, distribu\u021bia fiind una reprezentativ\u0103 pentru sus\u021binerea ideii de diversitate \u0219i conexiune \u00eentre culturi.<\/p>\n\n\n\n<p class=\"wp-block-paragraph\"><strong>&#8220;Black Is King&#8221; va fi lansat \u00een exclusivitate pe Disney Plus, pe 31 iulie<\/strong>, \u0219i va include compozi\u021bii ce s-au reg\u0103sit \u0219i pe albumul &#8220;The Lion King: The Gift&#8221;.<\/p>\n\n\n\n<figure class=\"wp-block-embed-youtube wp-block-embed is-type-video is-provider-youtube wp-embed-aspect-16-9 wp-has-aspect-ratio\"><div class=\"wp-block-embed__wrapper\">\n<iframe title=\"BLACK IS KING | Streaming Exclusively July 31 | Disney+\" width=\"1140\" height=\"641\" src=\"https:\/\/www.youtube.com\/embed\/L765oDjNaBA?feature=oembed\" frameborder=\"0\" allow=\"accelerometer; autoplay; clipboard-write; encrypted-media; gyroscope; picture-in-picture; web-share\" allowfullscreen><\/iframe>\n<\/div><\/figure>\n\n\n\n<p class=\"wp-block-paragraph\">Pe 19 iunie, Beyonce lansa o\u00a0pies\u0103 manifest intitulat\u0103 &#8220;Black Parade&#8221;. Single-ul a venit \u00eempreun\u0103 cu un proiect numit Black Parade, demarat de Beyonce, prin care sunt sus\u0163inute afacerile persoanelor de culoare.<\/p>\n\n\n\n<p class=\"wp-block-paragraph\">Beyonce a fost o voce puternic\u0103 \u0219i \u00een lupta contra coronavirusului. Artista\u00a0a donat 6 milioane de dolari\u00a0pentru a sprijini eforturile ONG-urilor de a oferi resursele at\u00e2t de necesare spitalelor \u00een aceast\u0103 perioad\u0103.<\/p>\n\n\n\n<p class=\"wp-block-paragraph\"><a href=\"https:\/\/www.infomusic.ro\/2020\/06\/beyonce-album-vizual-black-is-king-trailer\/\">INFO MUSIC<\/a><\/p>\n","protected":false},"excerpt":{"rendered":"<p>Beyonce continu\u0103 tradi\u021bia albumelor vizuale \u00eenceput\u0103 \u00een 2013 \u0219i anun\u021b\u0103 lansarea unui nou material de studio de acest tip. &#8220;Black Is King&#8221; va fi lansat exclusiv pe Disney Plus \u0219i va avea ca punct de pornire celebra poveste relatat\u0103 \u00een &#8220;The Lion King&#8221;. Albumul vizual &#8220;Black Is King&#8221; este scris, regizat \u0219i produs de Beyonce.&nbsp; [&hellip;]<\/p>\n","protected":false},"author":1,"featured_media":0,"comment_status":"closed","ping_status":"closed","sticky":false,"template":"","format":"standard","meta":{"_crdt_document":"","footnotes":""},"categories":[4,3],"tags":[],"class_list":["post-3122","post","type-post","status-publish","format-standard","hentry","category-noutati","category-stars"],"_links":{"self":[{"href":"https:\/\/news-fm.ro\/index.php\/wp-json\/wp\/v2\/posts\/3122","targetHints":{"allow":["GET"]}}],"collection":[{"href":"https:\/\/news-fm.ro\/index.php\/wp-json\/wp\/v2\/posts"}],"about":[{"href":"https:\/\/news-fm.ro\/index.php\/wp-json\/wp\/v2\/types\/post"}],"author":[{"embeddable":true,"href":"https:\/\/news-fm.ro\/index.php\/wp-json\/wp\/v2\/users\/1"}],"replies":[{"embeddable":true,"href":"https:\/\/news-fm.ro\/index.php\/wp-json\/wp\/v2\/comments?post=3122"}],"version-history":[{"count":0,"href":"https:\/\/news-fm.ro\/index.php\/wp-json\/wp\/v2\/posts\/3122\/revisions"}],"wp:attachment":[{"href":"https:\/\/news-fm.ro\/index.php\/wp-json\/wp\/v2\/media?parent=3122"}],"wp:term":[{"taxonomy":"category","embeddable":true,"href":"https:\/\/news-fm.ro\/index.php\/wp-json\/wp\/v2\/categories?post=3122"},{"taxonomy":"post_tag","embeddable":true,"href":"https:\/\/news-fm.ro\/index.php\/wp-json\/wp\/v2\/tags?post=3122"}],"curies":[{"name":"wp","href":"https:\/\/api.w.org\/{rel}","templated":true}]}}