{"id":3068,"date":"2020-06-24T04:56:01","date_gmt":"2020-06-24T04:56:01","guid":{"rendered":"http:\/\/news-fm.ro\/?p=3068"},"modified":"2020-06-24T04:56:03","modified_gmt":"2020-06-24T04:56:03","slug":"black-eyed-peas-explica-de-ce-fergie-nu-mai-face-parte-din-trupa","status":"publish","type":"post","link":"https:\/\/news-fm.ro\/index.php\/2020\/06\/24\/black-eyed-peas-explica-de-ce-fergie-nu-mai-face-parte-din-trupa\/","title":{"rendered":"Black Eyed Peas explic\u0103 de ce Fergie nu mai face parte din trup\u0103"},"content":{"rendered":"\n<figure class=\"wp-block-image size-large\"><img decoding=\"async\" src=\"https:\/\/news-fm.ro\/wp-content\/uploads\/2020\/06\/im_cd87ce7a470e6a88f6fa1c940408d3da-1024x576.jpg\" alt=\"\" class=\"wp-image-3069\"\/><\/figure>\n\n\n\n<p class=\"wp-block-paragraph\">B\u0103ie\u021bii\u00a0<a rel=\"noreferrer noopener\" href=\"https:\/\/www.billboard.com\/articles\/columns\/latin\/9405236\/black-eyed-peas-interview-translation-album\" target=\"_blank\">au vorbit sincer<\/a>\u00a0despre rela\u021bia lor cu Fergie \u0219i motivul pentru care artista nu s-a mai al\u0103turat grupului &#8211; focusul ei este s\u0103 fie mam\u0103 \u0219i se centreaz\u0103 pe educa\u021bia fiului ei Axl, \u00een v\u00e2rst\u0103 de 6 ani.<\/p>\n\n\n\n<p class=\"wp-block-paragraph\"><strong>\u201eFergie este sora noastr\u0103. Chiar dac\u0103 nu mai \u021binem leg\u0103tura at\u00e2t de mult, ea va continua s\u0103 fie mereu sora noastr\u0103. Din p\u0103cate, programele noastre nu se suprapun, deoarece ea \u00ee\u0219i dore\u0219te s\u0103 fie o mam\u0103 extraordinar\u0103, iar focusul ei este aici. O sus\u021binem 100%\u201d<\/strong>, spune Apl.de.ap.<\/p>\n\n\n\n<p class=\"wp-block-paragraph\">Will.i.am sus\u021bine cele spuse de colegul lui de trup\u0103 \u0219i dezv\u0103luie c\u0103 artista \u00een v\u00e2rst\u0103 de 45 de ani nu le-a ascultat noul album, dar c\u0103 ei sper\u0103 \u201es\u0103-i plac\u0103.\u201d<\/p>\n\n\n\n<p class=\"wp-block-paragraph\"><strong>\u201e\u00cencerc\u0103m s\u0103 men\u021binem leg\u0103tura. Ne mai scriem din c\u00e2nd \u00een c\u00e2nd pentru a o saluta, a ne spune la mul\u021bi ani, Cr\u0103ciun Fericit sau Pa\u0219te Fericit. \u0218tie unde suntem. Suntem la studio. O iubim, iar ea se concentreaz\u0103 pe rolul de mam\u0103.<\/strong><\/p>\n\n\n\n<p class=\"wp-block-paragraph\"><strong>Este un job greu, dar asta \u0219i-a dorit mereu s\u0103 fac\u0103, iar noi suntem aici pentru ea, iar ea \u0219tie cum s\u0103 dea de noi dac\u0103 are nevoie de timp liber. Este modul \u00een care ea \u0219i-a dorit asta, iar noi \u00eei respect\u0103m alegerea. O iubim pe Fergie \u0219i ne dorim doar lucruri minunate pentru ea.\u201d<\/strong><\/p>\n\n\n\n<figure class=\"wp-block-image\"><img decoding=\"async\" src=\"http:\/\/api.unsitedemuzica.ro\/no-cache\/uploaded\/2020\/06\/23\/bap.jpg\" alt=\"\"\/><\/figure>\n\n\n\n<p class=\"wp-block-paragraph\">Taboo a vorbit \u0219i el despre Fergie, dar \u0219i despre J. Rey Soul, noua membr\u0103 a trupei.<\/p>\n\n\n\n<p class=\"wp-block-paragraph\"><strong>\u201eFerg se ocup\u0103 de treaba cu maternitatea, dar avem un artist nou pe care-l cre\u0219tem. Vreau s\u0103 spun c\u00e2t de m\u00e2ndru sunt de J. Rey Soul, deoarece probabil oamenii se \u00eentreab\u0103 cine este. \u00centrebarea pe care o primim mereu este \u201ece mai face Fergie?\u201d \u0219i \u00een\u021beleg de ce.<\/strong><\/p>\n\n\n\n<p class=\"wp-block-paragraph\"><strong>Dar vreau s\u0103 spun \u0219i faptul c\u0103 albumul nostru iese pe 19, iar s\u0103pt\u0103m\u00e2na urm\u0103toare va fi 24 iunie, iar asta \u00eenseamn\u0103 6 ani pentru mine \u00een care am fost f\u0103r\u0103 cancer. Am crescut mult de la acea perioad\u0103 \u0219i am muncit tare mult s\u0103 fim unde suntem.<\/strong><\/p>\n\n\n\n<p class=\"wp-block-paragraph\"><strong>Am reflectat \u0219i am f\u0103cut tot posibilul s\u0103 r\u0103m\u00e2nem motiva\u021bi, s\u0103 nu ne uit\u0103m \u00een trecut, ci mereu \u00eenainte \u0219i s\u0103 r\u0103m\u00e2nem pozitivi \u0219i optimi\u0219ti, iar acum simt c\u0103 d\u0103m na\u0219tere unui nou artist, J. Rey Soul. Vreau s\u0103-i ofer toare respectele \u0219i laudele noastre\u201d<\/strong>, a spus artistul de 44 de ani.<\/p>\n\n\n\n<p class=\"wp-block-paragraph\"><a href=\"https:\/\/www.unsitedemuzica.ro\/stiri\/Black-Eyed-Peas-explica-de-ce-Fergie-nu-mai-face-parte-din-trupa-p10286\">UN SITE DE MUZICA<\/a><\/p>\n","protected":false},"excerpt":{"rendered":"<p>B\u0103ie\u021bii\u00a0au vorbit sincer\u00a0despre rela\u021bia lor cu Fergie \u0219i motivul pentru care artista nu s-a mai al\u0103turat grupului &#8211; focusul ei este s\u0103 fie mam\u0103 \u0219i se centreaz\u0103 pe educa\u021bia fiului ei Axl, \u00een v\u00e2rst\u0103 de 6 ani. \u201eFergie este sora noastr\u0103. Chiar dac\u0103 nu mai \u021binem leg\u0103tura at\u00e2t de mult, ea va continua s\u0103 fie [&hellip;]<\/p>\n","protected":false},"author":1,"featured_media":0,"comment_status":"closed","ping_status":"closed","sticky":false,"template":"","format":"standard","meta":{"_crdt_document":"","footnotes":""},"categories":[2],"tags":[],"class_list":["post-3068","post","type-post","status-publish","format-standard","hentry","category-trupe"],"_links":{"self":[{"href":"https:\/\/news-fm.ro\/index.php\/wp-json\/wp\/v2\/posts\/3068","targetHints":{"allow":["GET"]}}],"collection":[{"href":"https:\/\/news-fm.ro\/index.php\/wp-json\/wp\/v2\/posts"}],"about":[{"href":"https:\/\/news-fm.ro\/index.php\/wp-json\/wp\/v2\/types\/post"}],"author":[{"embeddable":true,"href":"https:\/\/news-fm.ro\/index.php\/wp-json\/wp\/v2\/users\/1"}],"replies":[{"embeddable":true,"href":"https:\/\/news-fm.ro\/index.php\/wp-json\/wp\/v2\/comments?post=3068"}],"version-history":[{"count":0,"href":"https:\/\/news-fm.ro\/index.php\/wp-json\/wp\/v2\/posts\/3068\/revisions"}],"wp:attachment":[{"href":"https:\/\/news-fm.ro\/index.php\/wp-json\/wp\/v2\/media?parent=3068"}],"wp:term":[{"taxonomy":"category","embeddable":true,"href":"https:\/\/news-fm.ro\/index.php\/wp-json\/wp\/v2\/categories?post=3068"},{"taxonomy":"post_tag","embeddable":true,"href":"https:\/\/news-fm.ro\/index.php\/wp-json\/wp\/v2\/tags?post=3068"}],"curies":[{"name":"wp","href":"https:\/\/api.w.org\/{rel}","templated":true}]}}