{"id":3065,"date":"2020-06-24T04:52:31","date_gmt":"2020-06-24T04:52:31","guid":{"rendered":"http:\/\/news-fm.ro\/?p=3065"},"modified":"2020-06-24T04:52:34","modified_gmt":"2020-06-24T04:52:34","slug":"gala-globurilor-de-aur-2021-a-fost-amanata-din-cauza-pandemiei-covid-19","status":"publish","type":"post","link":"https:\/\/news-fm.ro\/index.php\/2020\/06\/24\/gala-globurilor-de-aur-2021-a-fost-amanata-din-cauza-pandemiei-covid-19\/","title":{"rendered":"Gala Globurilor de Aur 2021 a fost am\u00e2nat\u0103 din cauza pandemiei COVID-19"},"content":{"rendered":"\n<figure class=\"wp-block-image size-large\"><img decoding=\"async\" src=\"https:\/\/news-fm.ro\/wp-content\/uploads\/2020\/06\/trofeu-globurile-de-aur-800x533-1.jpg\" alt=\"\" class=\"wp-image-3066\"\/><\/figure>\n\n\n\n<p class=\"wp-block-paragraph\">Ceremonia, care are loc de obicei la \u00eenceputul lunii ianuarie, a fost programat\u0103 mai t\u00e2rziu dec\u00e2t de obicei. Am\u00e2narea Globurilor de Aur 2021 vine la r\u00e2ndul s\u0103u dup\u0103 alte reprogram\u0103ri, cum ar fi Premiile Oscar. Mai multe detalii \u00een articol.<\/p>\n\n\n\n<p class=\"wp-block-paragraph\"><strong>Gala Globurilor de Aur a fost stabilit\u0103 pentru data de 28 februarie 2021.<\/strong>\u00a0Ceremonia, organizat\u0103 de Asocia\u0163ia Presei Str\u0103ine de la Hollywood (Hollywood Foreign Press Association &#8211; HFPA) va avea loc cu opt s\u0103pt\u0103m\u00e2ni \u00eenainte de cea a Academiei americane de film,\u00a0reprogramat\u0103 pentru 25 aprilie 2021.<\/p>\n\n\n\n<p class=\"wp-block-paragraph\">De\u0219i data ini\u021bial\u0103 pentru cea de-a 78-a edi\u021bie a Globurilor de Aur nu fusese \u00eenc\u0103 anun\u021bat\u0103, evenimentul se difuzeaz\u0103 de obicei \u00een prima duminic\u0103 a lunii ianuarie, \u00een debutul sezonului premiilor de la Hollywood. Ca de obicei, ceremonia va fi transmis\u0103 \u00een direct de postul NBC de la hotelul Beverly Hilton din Beverly Hills. De asemenea, a fost deja anun\u0163at, de la \u00eenceputul anului, c\u0103&nbsp;<strong>gazdele ceremoniei de anul viitor vor fi actri\u0163ele Tina Fey \u015fi Amy Poehler.<\/strong><\/p>\n\n\n\n<p class=\"wp-block-paragraph\">La \u00eenceputul lunii martie, Asocia\u021bia Presei Str\u0103ine de la Hollywood a anun\u021bat c\u0103, din cauza pandemiei,&nbsp;<strong>filmele se pot califica pentru Globurilor de Aur chiar dac\u0103 nu sunt difuzate prima dat\u0103 \u00eentr-un cinematograf.<\/strong>&nbsp;\u00cen schimb, filmele pot fi lansate mai \u00eent\u00e2i pe un format tv (de exemplu, un serviciu de streaming, un canal prin cablu, o televiziune, etc.) \u0219i vor fi \u00een continuare eligibile. Aceast\u0103 alternativ\u0103 este una temporar\u0103.<\/p>\n\n\n\n<p class=\"wp-block-paragraph\">A\u0219adar, Globurile de Aur reprezint\u0103 cea mai recent\u0103 reprogramare a unui eveniment hollywoodian. Premiile Primetime Emmy vor avea loc pe 20 septembrie 2020, Globurile de Aur, a\u0219a cum am men\u021bionat, se vor desf\u0103\u0219ura pe 28 februarie 2021. Sunt urmate de Premiile BAFTA, ce au loc pe 22 aprilie, \u0219i de Premiile Oscar, programate pentru 25 aprilie 2021.<\/p>\n\n\n\n<p class=\"wp-block-paragraph\"><a href=\"https:\/\/www.infomusic.ro\/2020\/06\/gala-globurilor-de-aur-2021-a-fost-amanata-din-cauza-pandemiei-covid-19\/\">INFO MUSIC<\/a><\/p>\n","protected":false},"excerpt":{"rendered":"<p>Ceremonia, care are loc de obicei la \u00eenceputul lunii ianuarie, a fost programat\u0103 mai t\u00e2rziu dec\u00e2t de obicei. Am\u00e2narea Globurilor de Aur 2021 vine la r\u00e2ndul s\u0103u dup\u0103 alte reprogram\u0103ri, cum ar fi Premiile Oscar. Mai multe detalii \u00een articol. Gala Globurilor de Aur a fost stabilit\u0103 pentru data de 28 februarie 2021.\u00a0Ceremonia, organizat\u0103 de [&hellip;]<\/p>\n","protected":false},"author":1,"featured_media":0,"comment_status":"closed","ping_status":"closed","sticky":false,"template":"","format":"standard","meta":{"_crdt_document":"","footnotes":""},"categories":[1],"tags":[],"class_list":["post-3065","post","type-post","status-publish","format-standard","hentry","category-diverse"],"_links":{"self":[{"href":"https:\/\/news-fm.ro\/index.php\/wp-json\/wp\/v2\/posts\/3065","targetHints":{"allow":["GET"]}}],"collection":[{"href":"https:\/\/news-fm.ro\/index.php\/wp-json\/wp\/v2\/posts"}],"about":[{"href":"https:\/\/news-fm.ro\/index.php\/wp-json\/wp\/v2\/types\/post"}],"author":[{"embeddable":true,"href":"https:\/\/news-fm.ro\/index.php\/wp-json\/wp\/v2\/users\/1"}],"replies":[{"embeddable":true,"href":"https:\/\/news-fm.ro\/index.php\/wp-json\/wp\/v2\/comments?post=3065"}],"version-history":[{"count":0,"href":"https:\/\/news-fm.ro\/index.php\/wp-json\/wp\/v2\/posts\/3065\/revisions"}],"wp:attachment":[{"href":"https:\/\/news-fm.ro\/index.php\/wp-json\/wp\/v2\/media?parent=3065"}],"wp:term":[{"taxonomy":"category","embeddable":true,"href":"https:\/\/news-fm.ro\/index.php\/wp-json\/wp\/v2\/categories?post=3065"},{"taxonomy":"post_tag","embeddable":true,"href":"https:\/\/news-fm.ro\/index.php\/wp-json\/wp\/v2\/tags?post=3065"}],"curies":[{"name":"wp","href":"https:\/\/api.w.org\/{rel}","templated":true}]}}