{"id":3058,"date":"2020-06-23T04:22:44","date_gmt":"2020-06-23T04:22:44","guid":{"rendered":"http:\/\/news-fm.ro\/?p=3058"},"modified":"2020-06-23T04:22:47","modified_gmt":"2020-06-23T04:22:47","slug":"videoclip-oficial-vanotek-feat-bastien-talk-to-me","status":"publish","type":"post","link":"https:\/\/news-fm.ro\/index.php\/2020\/06\/23\/videoclip-oficial-vanotek-feat-bastien-talk-to-me\/","title":{"rendered":"Videoclip oficial: Vanotek feat. Bastien &#8211; Talk to Me"},"content":{"rendered":"\n<figure class=\"wp-block-image size-large\"><img decoding=\"async\" src=\"https:\/\/news-fm.ro\/wp-content\/uploads\/2020\/06\/VANOTEK-1024x576.jpg\" alt=\"\" class=\"wp-image-3059\"\/><\/figure>\n\n\n\n<p class=\"wp-block-paragraph\">Vanotek a lansat single-ul &#8220;Talk to Me&#8221; \u00een colaborare cu Bastien, cu un groove disco dance, o pies\u0103 cu un videoclip pe mood de party filmat \u0219i regizat de SAN. Materialul este disponibil \u00een articol.<\/p>\n\n\n\n<p class=\"wp-block-paragraph\"><strong>Piesa a fost produs\u0103 de Vanotek \u0219i compus\u0103 de Vanotek, Bastien \u0219i Elena Moro\u0219anu.<\/strong><\/p>\n\n\n\n<p class=\"wp-block-paragraph\"><strong>&#8220;Am f\u0103cut mai multe sesiuni cu Bastien, \u00eemi place mult timbrul lui vocal \u0219i am considerat c\u0103 dintre toate piesele la care am lucrat \u00eempreun\u0103, &lt;&lt;Talk to Me>> trebuie s\u0103 fie lansat\u0103 prima&#8221;<\/strong>,\u00a0<strong>a spus Vanotek.<\/strong><\/p>\n\n\n\n<p class=\"wp-block-paragraph\">Bastien a fost, de asemenea, \u00eenc\u00e2ntat de colaborarea cu Vanotek:<\/p>\n\n\n\n<p class=\"wp-block-paragraph\"><strong>&#8220;\u00cemi aduc aminte de piesa &lt;&lt;My heart is Gone>> a lui Vanotek \u0219i \u00eenc\u0103 de pe atunci, \u00eemi doream s\u0103 ajung la ni\u0219te sesiuni cu el. \u00centr-o zi, pur \u0219i simplu, m-am decis s\u0103 \u00eei scriu, i-am l\u0103sat \u0219i c\u00e2teva demo-uri, iar de atunci ne-am v\u0103zut destul de des la studio. Am lucrat la mai multe piese, dar am sim\u021bit c\u0103 &lt;&lt;Talk to Me>> are o stare special\u0103 \u0219i c\u0103 ar merita s\u0103 o lans\u0103m. \u00cemi doresc s\u0103 lucr\u0103m \u00een continuare \u0219i s\u0103 avem un number 1 \u00eempreun\u0103&#8221;,<\/strong>\u00a0<strong>a declarat Bastien<\/strong>.<\/p>\n\n\n\n<p class=\"wp-block-paragraph\"><strong>Sebastian Tudor aka Bastien<\/strong>\u00a0este un c\u00e2nt\u0103re\u021b \u0219i compozitor din Bucure\u0219ti. Bastien \u00ee\u0219i scrie melodiile \u00een studioul s\u0103u de acas\u0103 \u0219i se preg\u0103te\u0219te de lansarea primului s\u0103u EP. Primul lui single &#8220;Stay with Me&#8221; a strans aproape 1,5 milioane de vizualiz\u0103ri pe YouTube. G\u0103sindu-\u0219i influen\u021bele din dragostea pentru muzica pop, soul, RnB \u0219i electronic\u0103, Bastien a combinat idei interesante, c\u00e2teva dintre acestea amintind de arti\u0219ti precum James Arthur, Kwabs sau James Blake.<\/p>\n\n\n\n<figure class=\"wp-block-embed-youtube wp-block-embed is-type-video is-provider-youtube wp-embed-aspect-16-9 wp-has-aspect-ratio\"><div class=\"wp-block-embed__wrapper\">\n<iframe title=\"Vanotek feat. Bastien - Talk to Me | Official Video\" width=\"1140\" height=\"641\" src=\"https:\/\/www.youtube.com\/embed\/wg8T5uQmumM?feature=oembed\" frameborder=\"0\" allow=\"accelerometer; autoplay; clipboard-write; encrypted-media; gyroscope; picture-in-picture; web-share\" allowfullscreen><\/iframe>\n<\/div><\/figure>\n\n\n\n<p class=\"wp-block-paragraph\"><a href=\"https:\/\/www.infomusic.ro\/videoclip\/vanotek-feat-bastien-talk-to-me\/\">INFOMUSIC<\/a><\/p>\n","protected":false},"excerpt":{"rendered":"<p>Vanotek a lansat single-ul &#8220;Talk to Me&#8221; \u00een colaborare cu Bastien, cu un groove disco dance, o pies\u0103 cu un videoclip pe mood de party filmat \u0219i regizat de SAN. Materialul este disponibil \u00een articol. Piesa a fost produs\u0103 de Vanotek \u0219i compus\u0103 de Vanotek, Bastien \u0219i Elena Moro\u0219anu. &#8220;Am f\u0103cut mai multe sesiuni cu [&hellip;]<\/p>\n","protected":false},"author":1,"featured_media":0,"comment_status":"closed","ping_status":"closed","sticky":false,"template":"","format":"standard","meta":{"_crdt_document":"","footnotes":""},"categories":[4,3],"tags":[],"class_list":["post-3058","post","type-post","status-publish","format-standard","hentry","category-noutati","category-stars"],"_links":{"self":[{"href":"https:\/\/news-fm.ro\/index.php\/wp-json\/wp\/v2\/posts\/3058","targetHints":{"allow":["GET"]}}],"collection":[{"href":"https:\/\/news-fm.ro\/index.php\/wp-json\/wp\/v2\/posts"}],"about":[{"href":"https:\/\/news-fm.ro\/index.php\/wp-json\/wp\/v2\/types\/post"}],"author":[{"embeddable":true,"href":"https:\/\/news-fm.ro\/index.php\/wp-json\/wp\/v2\/users\/1"}],"replies":[{"embeddable":true,"href":"https:\/\/news-fm.ro\/index.php\/wp-json\/wp\/v2\/comments?post=3058"}],"version-history":[{"count":0,"href":"https:\/\/news-fm.ro\/index.php\/wp-json\/wp\/v2\/posts\/3058\/revisions"}],"wp:attachment":[{"href":"https:\/\/news-fm.ro\/index.php\/wp-json\/wp\/v2\/media?parent=3058"}],"wp:term":[{"taxonomy":"category","embeddable":true,"href":"https:\/\/news-fm.ro\/index.php\/wp-json\/wp\/v2\/categories?post=3058"},{"taxonomy":"post_tag","embeddable":true,"href":"https:\/\/news-fm.ro\/index.php\/wp-json\/wp\/v2\/tags?post=3058"}],"curies":[{"name":"wp","href":"https:\/\/api.w.org\/{rel}","templated":true}]}}