{"id":3055,"date":"2020-06-23T04:18:55","date_gmt":"2020-06-23T04:18:55","guid":{"rendered":"http:\/\/news-fm.ro\/?p=3055"},"modified":"2020-06-23T04:18:57","modified_gmt":"2020-06-23T04:18:57","slug":"miley-cyrus-shakira-justin-bieber-si-alti-artisti-vor-sustine-un-concert-virtual","status":"publish","type":"post","link":"https:\/\/news-fm.ro\/index.php\/2020\/06\/23\/miley-cyrus-shakira-justin-bieber-si-alti-artisti-vor-sustine-un-concert-virtual\/","title":{"rendered":"Miley Cyrus, Shakira, Justin Bieber \u0219i al\u021bi arti\u0219ti vor sus\u021bine un concert virtual"},"content":{"rendered":"\n<figure class=\"wp-block-image size-large\"><img decoding=\"async\" src=\"https:\/\/news-fm.ro\/wp-content\/uploads\/2020\/06\/poster-global-goal-unite-for-our-future-800x533-1.jpg\" alt=\"\" class=\"wp-image-3056\"\/><\/figure>\n\n\n\n<p class=\"wp-block-paragraph\">Nume importante din industria muzical\u0103 vor contribui la o nou\u0103 cauz\u0103 important\u0103. Concertul &#8220;Global Goal: Unite for Our Future&#8221; este cea mai recent\u0103 ini\u021biativ\u0103, ce are ca scop tragerea unui semnal de alarm\u0103 asupra impactului pe care \u00eel are pandemia de coronavirus.<\/p>\n\n\n\n<p class=\"wp-block-paragraph\"><strong>Organizat de mi\u0219carea Global Citizen \u0219i de Comisia European\u0103<\/strong>, evenimentul va fi unul complex. Pe l\u00e2ng\u0103 momentele muzicale, va avea loc \u0219i o conferin\u021b\u0103 despre efectele pe care pandemia le-a avut asupra comunit\u0103\u021bilor marginalizate (inclusiv popula\u021bia de culoare, cei care tr\u0103iesc \u00een s\u0103r\u0103cie \u0219i cei care sunt discrimina\u021bi).&nbsp;<strong>Evenimentul are ca scop \u00eencurajarea guvernelor, sectorul privat \u0219i filantropii s\u0103 contribuie la ac\u021biunile \u00eentreprinse de Global Citizen<\/strong>&nbsp;\u00een ceea ce prive\u0219te dezvoltarea \u0219i distribu\u021bia echitabil\u0103 a terapiei COVID-19, a testelor \u0219i vaccinurilor pentru toat\u0103 lumea, de oriunde.<\/p>\n\n\n\n<p class=\"wp-block-paragraph\"><strong>&#8220;Global Goal: Unite for Our Future&#8221; va avea loc pe 27 iunie \u0219i va fi difuzat la nivel mondial.<\/strong>\u00a0Evenimentul\u00a0este disponibil pe Apple, Roku, Tidal, Twitter, Twitch, YouTube \u0219i alte platforme. Va fi prezentat de Dwayne &#8220;The Rock&#8221; Johnson \u0219i va cuprinde show-uri ale unor arti\u0219ti ca Miley Cyrus, Shakira, J Balvin, Justin Bieber \u0219i Quavo, Jennifer Hudson, Coldplay, Usher, Christine and the Queens, Chloe x Halle sau Yemi Alade.<\/p>\n\n\n\n<figure class=\"wp-block-embed-youtube wp-block-embed is-type-video is-provider-youtube wp-embed-aspect-16-9 wp-has-aspect-ratio\"><div class=\"wp-block-embed__wrapper\">\n<iframe title=\"Global Goal: Unite For Our Future\" width=\"1140\" height=\"641\" src=\"https:\/\/www.youtube.com\/embed\/SMcV9pglg2U?feature=oembed\" frameborder=\"0\" allow=\"accelerometer; autoplay; clipboard-write; encrypted-media; gyroscope; picture-in-picture; web-share\" allowfullscreen><\/iframe>\n<\/div><\/figure>\n\n\n\n<p class=\"wp-block-paragraph\"><a href=\"https:\/\/www.infomusic.ro\/2020\/06\/miley-cyrus-shakira-justin-bieber-si-alti-artisti-vor-sustine-un-concert-virtual\/\">INFO MUSIC<\/a><\/p>\n","protected":false},"excerpt":{"rendered":"<p>Nume importante din industria muzical\u0103 vor contribui la o nou\u0103 cauz\u0103 important\u0103. Concertul &#8220;Global Goal: Unite for Our Future&#8221; este cea mai recent\u0103 ini\u021biativ\u0103, ce are ca scop tragerea unui semnal de alarm\u0103 asupra impactului pe care \u00eel are pandemia de coronavirus. Organizat de mi\u0219carea Global Citizen \u0219i de Comisia European\u0103, evenimentul va fi unul [&hellip;]<\/p>\n","protected":false},"author":1,"featured_media":0,"comment_status":"closed","ping_status":"closed","sticky":false,"template":"","format":"standard","meta":{"_crdt_document":"","footnotes":""},"categories":[3],"tags":[],"class_list":["post-3055","post","type-post","status-publish","format-standard","hentry","category-stars"],"_links":{"self":[{"href":"https:\/\/news-fm.ro\/index.php\/wp-json\/wp\/v2\/posts\/3055","targetHints":{"allow":["GET"]}}],"collection":[{"href":"https:\/\/news-fm.ro\/index.php\/wp-json\/wp\/v2\/posts"}],"about":[{"href":"https:\/\/news-fm.ro\/index.php\/wp-json\/wp\/v2\/types\/post"}],"author":[{"embeddable":true,"href":"https:\/\/news-fm.ro\/index.php\/wp-json\/wp\/v2\/users\/1"}],"replies":[{"embeddable":true,"href":"https:\/\/news-fm.ro\/index.php\/wp-json\/wp\/v2\/comments?post=3055"}],"version-history":[{"count":0,"href":"https:\/\/news-fm.ro\/index.php\/wp-json\/wp\/v2\/posts\/3055\/revisions"}],"wp:attachment":[{"href":"https:\/\/news-fm.ro\/index.php\/wp-json\/wp\/v2\/media?parent=3055"}],"wp:term":[{"taxonomy":"category","embeddable":true,"href":"https:\/\/news-fm.ro\/index.php\/wp-json\/wp\/v2\/categories?post=3055"},{"taxonomy":"post_tag","embeddable":true,"href":"https:\/\/news-fm.ro\/index.php\/wp-json\/wp\/v2\/tags?post=3055"}],"curies":[{"name":"wp","href":"https:\/\/api.w.org\/{rel}","templated":true}]}}