{"id":3049,"date":"2020-06-22T04:37:59","date_gmt":"2020-06-22T04:37:59","guid":{"rendered":"http:\/\/news-fm.ro\/?p=3049"},"modified":"2020-06-22T04:38:02","modified_gmt":"2020-06-22T04:38:02","slug":"alicia-keys-a-lansat-un-cantec-extrem-de-sensibil-si-emotionant","status":"publish","type":"post","link":"https:\/\/news-fm.ro\/index.php\/2020\/06\/22\/alicia-keys-a-lansat-un-cantec-extrem-de-sensibil-si-emotionant\/","title":{"rendered":"Alicia Keys a lansat un c\u00e2ntec extrem de sensibil \u015fi emo\u0163ionant"},"content":{"rendered":"\n<figure class=\"wp-block-image size-large\"><img decoding=\"async\" src=\"https:\/\/news-fm.ro\/wp-content\/uploads\/2020\/03\/alicia-keys.jpg\" alt=\"\" class=\"wp-image-2296\"\/><\/figure>\n\n\n\n<p class=\"wp-block-paragraph\"><strong>\u201ePerfect Way to Die\u201d<\/strong>&nbsp;urm\u0103re\u0219te destinul unei mame care-\u0219i pl\u00e2nge fiul, dup\u0103 ce el a fost \u00eempu\u0219cat mortal.<\/p>\n\n\n\n<p class=\"wp-block-paragraph\">Prin versurile sale, c\u00e2ntecul trage o concluzie despre lumea \u00een care tr\u0103im ast\u0103zi \u0219i cum multe suflete nevinovate ajung s\u0103 fie victime din cauza violen\u021belor care au loc pe str\u0103zi, rasismului \u0219i indiferen\u021bei autorit\u0103\u021bilor.<\/p>\n\n\n\n<p class=\"wp-block-paragraph\"><strong><em>\u201eWe&#8217;re stuck here singing<\/em><\/strong><br><strong><em>&#8220;Baby, don&#8217;t you close your eyes<\/em><\/strong><br><strong><em>&#8216;Cause this could be our final time<\/em><\/strong><br><strong><em>And you know I&#8217;m horrible at saying goodbye<\/em><\/strong><br><strong><em>I&#8217;ll think of all you coulda done<\/em><\/strong><br><strong><em>At least you&#8217;ll stay forever young<\/em><\/strong><br><strong><em>I guess you picked the perfect way to die<\/em><\/strong><br><strong><em>Oh, I guess you picked the perfect way to die\u201d<\/em><\/strong>, sun\u0103 refrenul piesei.<\/p>\n\n\n\n<figure class=\"wp-block-image\"><img decoding=\"async\" src=\"http:\/\/api.unsitedemuzica.ro\/no-cache\/uploaded\/2020\/06\/19\/alicia1.jpg\" alt=\"\"\/><\/figure>\n\n\n\n<p class=\"wp-block-paragraph\">Muzica are o putere fantastic\u0103 \u0219i poate ajunge acolo unde cuvintele sau gesturile unor oameni nu au for\u021ba s\u0103 o fac\u0103.<\/p>\n\n\n\n<p class=\"wp-block-paragraph\">Melodia artistei vine ca o alinare pentru to\u021bi cei care au pierdut pe cineva drag din cauza sistemului \u0219i violen\u021bei.<\/p>\n\n\n\n<p class=\"wp-block-paragraph\">Keys trage un semnal de alarm\u0103 \u0219i ne \u00eendeamn\u0103 s\u0103 privim realitatea cu al\u021bi ochi \u0219i s\u0103 lupt\u0103m pentru lucrurile care conteaz\u0103 cu adev\u0103rat, deoarece schimbarea va veni doar atunci c\u00e2nd o vom cere!<\/p>\n\n\n\n<figure class=\"wp-block-embed-youtube wp-block-embed is-type-rich is-provider-embed-handler wp-embed-aspect-4-3 wp-has-aspect-ratio\"><div class=\"wp-block-embed__wrapper\">\n<iframe title=\"Perfect Way To Die\" width=\"1140\" height=\"855\" src=\"https:\/\/www.youtube.com\/embed\/UM0zcjBlVbU?feature=oembed\" frameborder=\"0\" allow=\"accelerometer; autoplay; clipboard-write; encrypted-media; gyroscope; picture-in-picture; web-share\" allowfullscreen><\/iframe>\n<\/div><\/figure>\n\n\n\n<p class=\"wp-block-paragraph\">America se confrunt\u0103 cu un val de violen\u021be care au pornit odat\u0103 cu moartea lui George Floyd, iar oamenii de culoare cer dreptate \u0219i drepturi egale pentru toat\u0103 lumea.<\/p>\n\n\n\n<p class=\"wp-block-paragraph\"><a href=\"https:\/\/www.unsitedemuzica.ro\/stiri\/DA-I-PLAY-Alicia-Keys-a-lansat-un-cantec-extrem-de-sensibil-si-emotionant-p10264\">UN SITE DE MUZICA<\/a><\/p>\n","protected":false},"excerpt":{"rendered":"<p>\u201ePerfect Way to Die\u201d&nbsp;urm\u0103re\u0219te destinul unei mame care-\u0219i pl\u00e2nge fiul, dup\u0103 ce el a fost \u00eempu\u0219cat mortal. Prin versurile sale, c\u00e2ntecul trage o concluzie despre lumea \u00een care tr\u0103im ast\u0103zi \u0219i cum multe suflete nevinovate ajung s\u0103 fie victime din cauza violen\u021belor care au loc pe str\u0103zi, rasismului \u0219i indiferen\u021bei autorit\u0103\u021bilor. \u201eWe&#8217;re stuck here singing&#8220;Baby, [&hellip;]<\/p>\n","protected":false},"author":1,"featured_media":0,"comment_status":"closed","ping_status":"closed","sticky":false,"template":"","format":"standard","meta":{"_crdt_document":"","footnotes":""},"categories":[4,3],"tags":[],"class_list":["post-3049","post","type-post","status-publish","format-standard","hentry","category-noutati","category-stars"],"_links":{"self":[{"href":"https:\/\/news-fm.ro\/index.php\/wp-json\/wp\/v2\/posts\/3049","targetHints":{"allow":["GET"]}}],"collection":[{"href":"https:\/\/news-fm.ro\/index.php\/wp-json\/wp\/v2\/posts"}],"about":[{"href":"https:\/\/news-fm.ro\/index.php\/wp-json\/wp\/v2\/types\/post"}],"author":[{"embeddable":true,"href":"https:\/\/news-fm.ro\/index.php\/wp-json\/wp\/v2\/users\/1"}],"replies":[{"embeddable":true,"href":"https:\/\/news-fm.ro\/index.php\/wp-json\/wp\/v2\/comments?post=3049"}],"version-history":[{"count":0,"href":"https:\/\/news-fm.ro\/index.php\/wp-json\/wp\/v2\/posts\/3049\/revisions"}],"wp:attachment":[{"href":"https:\/\/news-fm.ro\/index.php\/wp-json\/wp\/v2\/media?parent=3049"}],"wp:term":[{"taxonomy":"category","embeddable":true,"href":"https:\/\/news-fm.ro\/index.php\/wp-json\/wp\/v2\/categories?post=3049"},{"taxonomy":"post_tag","embeddable":true,"href":"https:\/\/news-fm.ro\/index.php\/wp-json\/wp\/v2\/tags?post=3049"}],"curies":[{"name":"wp","href":"https:\/\/api.w.org\/{rel}","templated":true}]}}