{"id":3043,"date":"2020-06-22T04:31:52","date_gmt":"2020-06-22T04:31:52","guid":{"rendered":"http:\/\/news-fm.ro\/?p=3043"},"modified":"2020-06-22T04:31:54","modified_gmt":"2020-06-22T04:31:54","slug":"beyonce-a-lansat-o-noua-piesa-manifest-black-parade-audio","status":"publish","type":"post","link":"https:\/\/news-fm.ro\/index.php\/2020\/06\/22\/beyonce-a-lansat-o-noua-piesa-manifest-black-parade-audio\/","title":{"rendered":"Beyonce a lansat o nou\u0103 pies\u0103 manifest, &#8220;Black Parade&#8221; &#8211; AUDIO"},"content":{"rendered":"\n<figure class=\"wp-block-image size-large\"><img decoding=\"async\" src=\"https:\/\/news-fm.ro\/wp-content\/uploads\/2020\/06\/Beyonce.jpg\" alt=\"\" class=\"wp-image-3044\"\/><\/figure>\n\n\n\n<p class=\"wp-block-paragraph\">Beyonce a surprins pe toat\u0103 lumea \u00een aceast\u0103 s\u0103pt\u0103m\u00e2n\u0103, lans\u00e2nd o nou\u0103 pies\u0103 dup\u0103 o perioad\u0103 de pauz\u0103. Noul track se nume\u015fte &#8220;Black Parade&#8221; \u015fi a debutat pe 19 iunie, cunoscut\u0103 \u015fi ca &#8220;Juneteenth&#8221;, o s\u0103rb\u0103toare a eliber\u0103rii din sclavie a persoanelor de culoare. Ascult\u0103 noua pies\u0103 \u00een articol.<\/p>\n\n\n\n<p class=\"wp-block-paragraph\"><strong>&#8220;Black Parade&#8221;<\/strong>&nbsp;este o melodie zen, de pacificare \u015fi cu un beat molatec, apropiat de reggae \u015fi R&amp;B. Single-ul vine \u00eempreun\u0103 cu un proiect numit Black Parade, demarat de&nbsp;<strong>Beyonce<\/strong>&nbsp;\u015fi av\u00e2nd rolul de a sus\u0163ine afacerile persoanelor de culoare. Debutul acestor ini\u0163iative pe 19 iunie nu este o coinciden\u0163\u0103, aceasta fiind ziua&nbsp;<strong>s\u0103rb\u0103torii Juneteenth<\/strong>. Este ziua \u00een care persoanele de culoare s\u0103rb\u0103toresc&nbsp;<strong>eliberarea din sclavie \u015f<\/strong>i exist\u0103 propunerea de a o face zi oficial\u0103 liber\u0103 \u00een State.<\/p>\n\n\n\n<p class=\"wp-block-paragraph\">Proiectul Black Parade creeaz\u0103 \u015fi sus\u0163ine o list\u0103 cu afaceri de\u0163inute de persoane de culoare, de la cele din industria modei la cele culinare. Iat\u0103 ce mesaj e transmis Beyonce c\u0103tre fanii s\u0103i \u015fi comunitatea pe care o sus\u0163ine:<\/p>\n\n\n\n<p class=\"wp-block-paragraph\"><strong>&#8220;Un weekend Juneteenth fericit! Sper c\u0103 vom continua s\u0103 \u00eemp\u0103rt\u0103\u015fim bucuria \u015fi s\u0103 ne s\u0103rb\u0103torim unul pe altul, chiar \u015fi \u00een mijlocul luptei. V\u0103 rog s\u0103 continutiati s\u0103 v\u0103 aminti\u0163i frumuse\u0163ea noastr\u0103, puterea \u015fi rezisten\u0163a. &#8220;Black Parade&#8221; v\u0103 s\u0103rb\u0103tore\u015fte pe voi, vocea voastr\u0103 \u015fi bucuria voastr\u0103 \u015fi va fi un beneficiu pentru micile afaceri de\u0163inute de persoane de culoare. S\u0103 fii de culoare este activismul t\u0103u. Excelen\u0163a Black este o form\u0103 de protest. Bucuria Black este dreptul t\u0103u.&#8221;<\/strong><\/p>\n\n\n\n<p class=\"wp-block-paragraph\">Noul track este prima lansare a lui Beyonce de la muzica pe care\u00a0a compus-o pentru filmul &#8220;Lion King&#8221;\u00a0de anul trecut. \u00cen aprilie 2020 colabora cu rapperul Megan Thee Stallion pe un remix al piesei &#8220;Savage&#8221;. Beyonce a fost una dintre vocile puternice \u00een ultimele s\u0103pt\u0103m\u00e2ni, marcate de revolte \u015fi proteste \u00een SUA dup\u0103 uciderea lui George Floyd de c\u0103tre poli\u0163ie. Subiectul rasei \u015fi discrimin\u0103rii este unul sensibil acum, iar multe celebrit\u0103\u0163i, actori \u015fi muzicieni au luat pozi\u0163ie.<\/p>\n\n\n\n<figure class=\"wp-block-embed-youtube wp-block-embed is-type-video is-provider-youtube wp-embed-aspect-4-3 wp-has-aspect-ratio\"><div class=\"wp-block-embed__wrapper\">\n<iframe title=\"BLACK PARADE\" width=\"1140\" height=\"855\" src=\"https:\/\/www.youtube.com\/embed\/4EHbf5QUjNE?feature=oembed\" frameborder=\"0\" allow=\"accelerometer; autoplay; clipboard-write; encrypted-media; gyroscope; picture-in-picture; web-share\" allowfullscreen><\/iframe>\n<\/div><\/figure>\n\n\n\n<p class=\"wp-block-paragraph\"><a href=\"https:\/\/www.infomusic.ro\/2020\/06\/beyonce-a-lansat-o-noua-piesa-manifest-black-parade-audio\/\">INFO MUSIC<\/a><\/p>\n","protected":false},"excerpt":{"rendered":"<p>Beyonce a surprins pe toat\u0103 lumea \u00een aceast\u0103 s\u0103pt\u0103m\u00e2n\u0103, lans\u00e2nd o nou\u0103 pies\u0103 dup\u0103 o perioad\u0103 de pauz\u0103. Noul track se nume\u015fte &#8220;Black Parade&#8221; \u015fi a debutat pe 19 iunie, cunoscut\u0103 \u015fi ca &#8220;Juneteenth&#8221;, o s\u0103rb\u0103toare a eliber\u0103rii din sclavie a persoanelor de culoare. Ascult\u0103 noua pies\u0103 \u00een articol. &#8220;Black Parade&#8221;&nbsp;este o melodie zen, de [&hellip;]<\/p>\n","protected":false},"author":1,"featured_media":0,"comment_status":"closed","ping_status":"closed","sticky":false,"template":"","format":"standard","meta":{"_crdt_document":"","footnotes":""},"categories":[4,3],"tags":[],"class_list":["post-3043","post","type-post","status-publish","format-standard","hentry","category-noutati","category-stars"],"_links":{"self":[{"href":"https:\/\/news-fm.ro\/index.php\/wp-json\/wp\/v2\/posts\/3043","targetHints":{"allow":["GET"]}}],"collection":[{"href":"https:\/\/news-fm.ro\/index.php\/wp-json\/wp\/v2\/posts"}],"about":[{"href":"https:\/\/news-fm.ro\/index.php\/wp-json\/wp\/v2\/types\/post"}],"author":[{"embeddable":true,"href":"https:\/\/news-fm.ro\/index.php\/wp-json\/wp\/v2\/users\/1"}],"replies":[{"embeddable":true,"href":"https:\/\/news-fm.ro\/index.php\/wp-json\/wp\/v2\/comments?post=3043"}],"version-history":[{"count":0,"href":"https:\/\/news-fm.ro\/index.php\/wp-json\/wp\/v2\/posts\/3043\/revisions"}],"wp:attachment":[{"href":"https:\/\/news-fm.ro\/index.php\/wp-json\/wp\/v2\/media?parent=3043"}],"wp:term":[{"taxonomy":"category","embeddable":true,"href":"https:\/\/news-fm.ro\/index.php\/wp-json\/wp\/v2\/categories?post=3043"},{"taxonomy":"post_tag","embeddable":true,"href":"https:\/\/news-fm.ro\/index.php\/wp-json\/wp\/v2\/tags?post=3043"}],"curies":[{"name":"wp","href":"https:\/\/api.w.org\/{rel}","templated":true}]}}