{"id":3040,"date":"2020-06-22T04:28:35","date_gmt":"2020-06-22T04:28:35","guid":{"rendered":"http:\/\/news-fm.ro\/?p=3040"},"modified":"2020-06-22T04:28:39","modified_gmt":"2020-06-22T04:28:39","slug":"duffy-lanseaza-piesa-river-in-the-sky-muzica-pentru-zile-mai-bune-audio","status":"publish","type":"post","link":"https:\/\/news-fm.ro\/index.php\/2020\/06\/22\/duffy-lanseaza-piesa-river-in-the-sky-muzica-pentru-zile-mai-bune-audio\/","title":{"rendered":"Duffy lanseaz\u0103 piesa &#8220;River In the Sky&#8221;, muzic\u0103 pentru zile mai bune &#8211; AUDIO"},"content":{"rendered":"\n<figure class=\"wp-block-image size-large\"><img decoding=\"async\" src=\"https:\/\/news-fm.ro\/wp-content\/uploads\/2020\/06\/duffy-2020-instagram-800x534-1.jpg\" alt=\"\" class=\"wp-image-3041\"\/><\/figure>\n\n\n\n<p class=\"wp-block-paragraph\">Duffy a lipsit din lumina reflectoarelor aproape un deceniu, artista trec\u00e2nd prin traume \u015fi momente grele, dar a g\u0103sit curajul de a reveni cu muzic\u0103 nou\u0103. Artista a lansat recent piesa &#8220;River In the Sky&#8221;, un track care a avut premiera la BBC Radio 2 \u015fi pe care \u00eel pute\u0163i asculta \u00een articol via Instagram.<\/p>\n\n\n\n<p class=\"wp-block-paragraph\">Motivul pentru care&nbsp;<strong>Duffy<\/strong>&nbsp;nu a mai dorit s\u0103 fie \u00een aten\u0163ia publicului a fost faptul c\u0103 a fost violat\u0103 \u015fi drogat\u0103, dar \u015fi \u0163inut\u0103 captiv\u0103 pe parcursul a c\u00e2teva zile. Recuperarea \u00een urma acestor traume a fost extrem de grea, iar Duffy a trebuit s\u0103 \u00ee\u015fi reconstruiasc\u0103 psihicul. Artista a lansat ultimul album \u00een 2010, pe numele s\u0103u &#8220;Endlessly&#8221;, \u00eenainte de a disp\u0103rea din via\u0163a public\u0103. Singura sa apari\u0163ie \u00eensemnat\u0103 a fost cea din filmul &#8220;Legend&#8221; cu Tom Hardy \u00een 2015, pentru care a compus 3 piese.<\/p>\n\n\n\n<p class=\"wp-block-paragraph\">Artista galez\u0103 de 35 de ani, pe numele s\u0103u complet Aimee Anne Duffy c\u00e2nt\u0103 pe noul track\u00a0<strong>&#8220;River In the Sky&#8221;<\/strong>\u00a0despre &#8220;frica de \u00eentuneric&#8221;, dar \u015fi despre o prezen\u0163\u0103 care o viziteaz\u0103 noaptea \u015fi o acoper\u0103 protector, \u00eenv\u0103\u0163\u00e2nd-o s\u0103 treac\u0103 peste durere. \u00cen refren muziciana se \u00eentreab\u0103 de ce tot pl\u00e2ngem, ca un r\u00e2u \u00een ceruri. Duffy ne-a mai oferit o pies\u0103 nou\u0103 \u00een acest an,\u00a0&#8220;Something Beautiful&#8221;, c\u00e2ntat\u0103 \u00een premier\u0103 \u00een cadrul emisiunii radio a lui Jo Whiley, \u00een martie.<\/p>\n\n\n\n<p class=\"wp-block-paragraph\">T\u00e2n\u0103ra a dezv\u0103luit iadul prin care a trecut printr-o postare pe Instagram din luna februarie, \u015ftears\u0103 ulterior. \u00cen aprilie ea publica un eseu pe site-ul propriu \u00een care oferea\u00a0mai multe detalii\u00a0despre chinul s\u0103u, despre faptul c\u0103 a fost drogat\u0103 \u00eentr-un restaurant la ziua sa de na\u015ftere. Apoi a fost \u0163inut\u0103 captiv\u0103 \u00een cas\u0103, agresat\u0103 \u015fi dus\u0103 \u00eentr-o \u0163ar\u0103 str\u0103in\u0103 de un atacator misterios, care \u015fi-ar fi exprimat \u015fi inten\u0163ia de a o ucide.<\/p>\n\n\n\n<figure class=\"wp-block-embed-instagram wp-block-embed is-type-rich is-provider-instagram\"><div class=\"wp-block-embed__wrapper\">\nhttps:\/\/www.instagram.com\/tv\/CBklZTOH7hn\/?utm_source=ig_embed\n<\/div><\/figure>\n\n\n\n<p class=\"wp-block-paragraph\"><a href=\"https:\/\/www.infomusic.ro\/2020\/06\/duffy-lanseaza-piesa-river-in-the-sky-muzica-pentru-zile-mai-bune-audio\/\">INFO MUSIC<\/a><\/p>\n","protected":false},"excerpt":{"rendered":"<p>Duffy a lipsit din lumina reflectoarelor aproape un deceniu, artista trec\u00e2nd prin traume \u015fi momente grele, dar a g\u0103sit curajul de a reveni cu muzic\u0103 nou\u0103. Artista a lansat recent piesa &#8220;River In the Sky&#8221;, un track care a avut premiera la BBC Radio 2 \u015fi pe care \u00eel pute\u0163i asculta \u00een articol via Instagram. [&hellip;]<\/p>\n","protected":false},"author":1,"featured_media":0,"comment_status":"closed","ping_status":"closed","sticky":false,"template":"","format":"standard","meta":{"_crdt_document":"","footnotes":""},"categories":[4,3],"tags":[],"class_list":["post-3040","post","type-post","status-publish","format-standard","hentry","category-noutati","category-stars"],"_links":{"self":[{"href":"https:\/\/news-fm.ro\/index.php\/wp-json\/wp\/v2\/posts\/3040","targetHints":{"allow":["GET"]}}],"collection":[{"href":"https:\/\/news-fm.ro\/index.php\/wp-json\/wp\/v2\/posts"}],"about":[{"href":"https:\/\/news-fm.ro\/index.php\/wp-json\/wp\/v2\/types\/post"}],"author":[{"embeddable":true,"href":"https:\/\/news-fm.ro\/index.php\/wp-json\/wp\/v2\/users\/1"}],"replies":[{"embeddable":true,"href":"https:\/\/news-fm.ro\/index.php\/wp-json\/wp\/v2\/comments?post=3040"}],"version-history":[{"count":0,"href":"https:\/\/news-fm.ro\/index.php\/wp-json\/wp\/v2\/posts\/3040\/revisions"}],"wp:attachment":[{"href":"https:\/\/news-fm.ro\/index.php\/wp-json\/wp\/v2\/media?parent=3040"}],"wp:term":[{"taxonomy":"category","embeddable":true,"href":"https:\/\/news-fm.ro\/index.php\/wp-json\/wp\/v2\/categories?post=3040"},{"taxonomy":"post_tag","embeddable":true,"href":"https:\/\/news-fm.ro\/index.php\/wp-json\/wp\/v2\/tags?post=3040"}],"curies":[{"name":"wp","href":"https:\/\/api.w.org\/{rel}","templated":true}]}}