{"id":2982,"date":"2020-06-16T04:34:10","date_gmt":"2020-06-16T04:34:10","guid":{"rendered":"http:\/\/news-fm.ro\/?p=2982"},"modified":"2020-06-16T04:34:13","modified_gmt":"2020-06-16T04:34:13","slug":"taylor-swift-cere-daramarea-statuilor-liderilor-confederati-rasisti","status":"publish","type":"post","link":"https:\/\/news-fm.ro\/index.php\/2020\/06\/16\/taylor-swift-cere-daramarea-statuilor-liderilor-confederati-rasisti\/","title":{"rendered":"Taylor Swift cere d\u0103r\u00e2marea statuilor liderilor confedera\u0163i rasi\u015fti"},"content":{"rendered":"\n<figure class=\"wp-block-image size-large\"><img fetchpriority=\"high\" decoding=\"async\" width=\"768\" height=\"433\" src=\"https:\/\/news-fm.ro\/wp-content\/uploads\/2020\/03\/TAYLOR-SWIFT.jpg\" alt=\"\" class=\"wp-image-2238\" srcset=\"https:\/\/news-fm.ro\/wp-content\/uploads\/2020\/03\/TAYLOR-SWIFT.jpg 768w, https:\/\/news-fm.ro\/wp-content\/uploads\/2020\/03\/TAYLOR-SWIFT-300x169.jpg 300w, https:\/\/news-fm.ro\/wp-content\/uploads\/2020\/03\/TAYLOR-SWIFT-500x282.jpg 500w\" sizes=\"(max-width: 768px) 100vw, 768px\" \/><\/figure>\n\n\n\n<p class=\"wp-block-paragraph\">\u00cen America continu\u0103&nbsp;<a href=\"https:\/\/www.unsitedemuzica.ro\/articles\/tag\/proteste-america\">protestele #BlackLivesMatter<\/a>, declan\u0219ate de omor\u00e2rea lui George Floyd, un cet\u0103\u021bean de culoare, de c\u0103tre 4 poli\u021bi\u0219ti albi. Au trecut 3 s\u0103pt\u0103m\u00e2ni de la acel moment, iar \u00een ultima perioad\u0103 protestatari din toat\u0103 lumea au \u00eenceput s\u0103 d\u0103r\u00e2me \u0219i s\u0103 cear\u0103 autorit\u0103\u021bilor s\u0103 elimine statuile unor personalit\u0103\u021bi care au f\u0103cut comer\u021b cu sclavi sau care au promovat atitudini \u0219i politici rasiste.&nbsp;<\/p>\n\n\n\n<p class=\"wp-block-paragraph\">America e plin\u0103 de statui dedicate unor fo\u0219ti proprietari de sclavi \u0219i lideri ai Ku Klux Klan, precum Robert E. Lee sau John B. Castleman. D\u0103rmarea acestor statui a n\u0103scut destule controverse, dar trebuie \u00een\u021beles c\u0103 pentru minorit\u0103\u021bile etnice, pentru popula\u021bile asuprite, aceste personalit\u0103\u021bi sunt pe picior de egalitate cu Hitler sau Stalin. B\u0103nuiesc c\u0103 nimeni din Europa nu-\u0219i dore\u0219te s\u0103 aib\u0103 \u00een ora\u0219e statui cu ace\u0219ti mon\u0219tri. Ei au existat \u0219i n-au fost \u0219ter\u0219i din istorie, dar statuile lor, din toate \u021b\u0103rile care au avut de suferit din cauza lor, au fost d\u0103r\u00e2mate.&nbsp;<\/p>\n\n\n\n<p class=\"wp-block-paragraph\">Revenind \u00een America, printre celebrit\u0103\u021bile care sus\u021bin d\u0103r\u00e2marea statuilor liderilor confedera\u021bi rasi\u0219ti se num\u0103r\u0103 \u0219i Taylor Swift.<\/p>\n\n\n\n<p class=\"wp-block-paragraph\">Vineri, ea a postat o scrisoare deschis\u0103 \u00een care cerea \u00eendep\u0103rtarea tuturor statuilor confederate din statul Tennessee.<\/p>\n\n\n\n<p class=\"wp-block-paragraph\"><strong><em>\u201eCa un locuitor al statului\u00a0Tennessee, m\u0103 dezgust\u0103 c\u0103 \u00eenc\u0103 avem monumente \u00een acest stat care glorific\u0103 figuri istorice rasiste care au f\u0103cut lucruri malefice. Edward Carmack \u0219i Nathan Bedford Forrest au fost ni\u0219te personalit\u0103\u021bi GROAZNICE din istoria statului nostru \u0219i ar trebui trata\u021bi ca atare.\u201d<\/em><\/strong><\/p>\n\n\n\n<p class=\"wp-block-paragraph\">Carmack a fost un promotor al suprema\u021biei albilor \u0219i scria \u00een ziare locale editoriale care sus\u021bineau lin\u0219area cet\u0103\u021benilor americani de culoare.&nbsp;<\/p>\n\n\n\n<p class=\"wp-block-paragraph\">Forrest a fost un negustor de sclavi \u0219i un conduc\u0103tor al Klu Klux Klan.&nbsp;<\/p>\n\n\n\n<p class=\"wp-block-paragraph\">\u00cen statul Tennessee e foarte greu ca statuile \u0219i monumentele s\u0103 fie date jos, pentru c\u0103 ele sunt protejate printr-o lege dat\u0103 \u00een 2013. Aceasta spune c\u0103 un monument poate fi mutat, redenumit, \u00eenlocuit etc. doar dac\u0103 dou\u0103 treimi din Comisia Istoric\u0103 a Statului Tennessee voteaz\u0103 acest lucru.&nbsp;<\/p>\n\n\n\n<p class=\"wp-block-paragraph\">\u00cen mai multe post\u0103ri pe Twitter, Taylor Swift a f\u0103cut apel la membrii acestei comisii s\u0103 ia decizia corect\u0103 \u0219i s\u0103 elimine toate statuile liderilor\u00a0confedera\u021bi rasi\u0219ti din stat.\u00a0<\/p>\n\n\n\n<figure class=\"wp-block-embed-youtube wp-block-embed is-type-video is-provider-youtube wp-embed-aspect-16-9 wp-has-aspect-ratio\"><div class=\"wp-block-embed__wrapper\">\n<iframe title=\"Taylor Swift - The Man (Official Video)\" width=\"1140\" height=\"641\" src=\"https:\/\/www.youtube.com\/embed\/AqAJLh9wuZ0?feature=oembed\" frameborder=\"0\" allow=\"accelerometer; autoplay; clipboard-write; encrypted-media; gyroscope; picture-in-picture; web-share\" allowfullscreen><\/iframe>\n<\/div><\/figure>\n\n\n\n<p class=\"wp-block-paragraph\"><a href=\"https:\/\/www.unsitedemuzica.ro\/stiri\/Taylor-Swift-cere-daramarea-statuilor-liderilor-confederati-rasisti-p10210\">UN SITE DE MUZICA<\/a><\/p>\n","protected":false},"excerpt":{"rendered":"<p>\u00cen America continu\u0103&nbsp;protestele #BlackLivesMatter, declan\u0219ate de omor\u00e2rea lui George Floyd, un cet\u0103\u021bean de culoare, de c\u0103tre 4 poli\u021bi\u0219ti albi. Au trecut 3 s\u0103pt\u0103m\u00e2ni de la acel moment, iar \u00een ultima perioad\u0103 protestatari din toat\u0103 lumea au \u00eenceput s\u0103 d\u0103r\u00e2me \u0219i s\u0103 cear\u0103 autorit\u0103\u021bilor s\u0103 elimine statuile unor personalit\u0103\u021bi care au f\u0103cut comer\u021b cu sclavi sau [&hellip;]<\/p>\n","protected":false},"author":1,"featured_media":2238,"comment_status":"closed","ping_status":"closed","sticky":false,"template":"","format":"standard","meta":{"_crdt_document":"","footnotes":""},"categories":[3],"tags":[],"class_list":["post-2982","post","type-post","status-publish","format-standard","has-post-thumbnail","hentry","category-stars"],"_links":{"self":[{"href":"https:\/\/news-fm.ro\/index.php\/wp-json\/wp\/v2\/posts\/2982","targetHints":{"allow":["GET"]}}],"collection":[{"href":"https:\/\/news-fm.ro\/index.php\/wp-json\/wp\/v2\/posts"}],"about":[{"href":"https:\/\/news-fm.ro\/index.php\/wp-json\/wp\/v2\/types\/post"}],"author":[{"embeddable":true,"href":"https:\/\/news-fm.ro\/index.php\/wp-json\/wp\/v2\/users\/1"}],"replies":[{"embeddable":true,"href":"https:\/\/news-fm.ro\/index.php\/wp-json\/wp\/v2\/comments?post=2982"}],"version-history":[{"count":0,"href":"https:\/\/news-fm.ro\/index.php\/wp-json\/wp\/v2\/posts\/2982\/revisions"}],"wp:featuredmedia":[{"embeddable":true,"href":"https:\/\/news-fm.ro\/index.php\/wp-json\/wp\/v2\/media\/2238"}],"wp:attachment":[{"href":"https:\/\/news-fm.ro\/index.php\/wp-json\/wp\/v2\/media?parent=2982"}],"wp:term":[{"taxonomy":"category","embeddable":true,"href":"https:\/\/news-fm.ro\/index.php\/wp-json\/wp\/v2\/categories?post=2982"},{"taxonomy":"post_tag","embeddable":true,"href":"https:\/\/news-fm.ro\/index.php\/wp-json\/wp\/v2\/tags?post=2982"}],"curies":[{"name":"wp","href":"https:\/\/api.w.org\/{rel}","templated":true}]}}