{"id":2975,"date":"2020-06-15T04:21:55","date_gmt":"2020-06-15T04:21:55","guid":{"rendered":"http:\/\/news-fm.ro\/?p=2975"},"modified":"2020-06-15T04:21:57","modified_gmt":"2020-06-15T04:21:57","slug":"video-h-e-r-protesteaza-prin-muzica-artista-a-lansat-piesa-i-cant-breathe","status":"publish","type":"post","link":"https:\/\/news-fm.ro\/index.php\/2020\/06\/15\/video-h-e-r-protesteaza-prin-muzica-artista-a-lansat-piesa-i-cant-breathe\/","title":{"rendered":"VIDEO: H.E.R. protesteaz\u0103 prin muzic\u0103 &#8211; artista a lansat piesa \u201eI Can\u2019t Breathe\u201d"},"content":{"rendered":"\n<figure class=\"wp-block-image size-large\"><img decoding=\"async\" src=\"https:\/\/news-fm.ro\/wp-content\/uploads\/2020\/06\/HER-1024x576.jpg\" alt=\"\" class=\"wp-image-2976\"\/><\/figure>\n\n\n\n<p class=\"wp-block-paragraph\">Artista a \u021binut un concert online \u00een cadrul seriei iHeartRadio Living Room Concert, iar prima pies\u0103 din setlist a fost cea de mai sus.<\/p>\n\n\n\n<p class=\"wp-block-paragraph\"><strong><em>\u201eDoar dup\u0103 titlu, \u00ee\u021bi po\u021bi da seama c\u0103 dezv\u0103luie ceva foarte dureros. Versurile au fost destul de u\u0219or de scris, deoarece vin dintr-o conversa\u021bie pe care am avut-o cu \u00eent\u00e2mpl\u0103rile de acum, cu ceea ce s-a \u00eent\u00e2mplat p\u00e2n\u0103 acum \u0219i cu schimbarea pe care trebuie s\u0103 o vedem.<\/em><\/strong><\/p>\n\n\n\n<p class=\"wp-block-paragraph\"><em><strong>Cred c\u0103 muzica are putere atunci c\u00e2nd vorbim de schimbare \u0219i de vindecare, iar \u0103sta este motivul pentru care am scris acest c\u00e2ntec &#8211; pentru a pune un semn \u00een istorie\u201d<\/strong><\/em>, a spus H.E.R.<\/p>\n\n\n\n<p class=\"wp-block-paragraph\"><strong>\u201eAll of the names you refuse to remember\/Was somebody\u2019s brother or friend, son to a mother that\u2019s crying, saying\/I can\u2019t breathe, you\u2019re taking my life from me\u201d<\/strong>, spun versurile melodiei.<\/p>\n\n\n\n<p class=\"wp-block-paragraph\">Titlul face referire \u0219i la cuvintele lui George Floyd, b\u0103rbatul de culoare care a fost omor\u00e2t de un poli\u021bist alb, deoarece a stat cu genunchiul pe g\u00e2tul s\u0103u, \u00een timp ce el nu mai putea s\u0103 respire, iar oamenii din jur filmau. Moartea lui George a dus la protestele din America.<\/p>\n\n\n\n<figure class=\"wp-block-embed-youtube wp-block-embed is-type-video is-provider-youtube wp-embed-aspect-16-9 wp-has-aspect-ratio\"><div class=\"wp-block-embed__wrapper\">\nhttps:\/\/www.youtube.com\/watch?v=j78N8Z_Ao1Q\n<\/div><\/figure>\n\n\n\n<p class=\"wp-block-paragraph\"><a href=\"https:\/\/www.unsitedemuzica.ro\/stiri\/-VIDEO-HER-protesteaza-prin-muzica-artista-a-lansat-piesa-I-Cant-Breathe-p10200\">UN SITE DE MUZICA<\/a><\/p>\n","protected":false},"excerpt":{"rendered":"<p>Artista a \u021binut un concert online \u00een cadrul seriei iHeartRadio Living Room Concert, iar prima pies\u0103 din setlist a fost cea de mai sus. \u201eDoar dup\u0103 titlu, \u00ee\u021bi po\u021bi da seama c\u0103 dezv\u0103luie ceva foarte dureros. Versurile au fost destul de u\u0219or de scris, deoarece vin dintr-o conversa\u021bie pe care am avut-o cu \u00eent\u00e2mpl\u0103rile de [&hellip;]<\/p>\n","protected":false},"author":1,"featured_media":0,"comment_status":"closed","ping_status":"closed","sticky":false,"template":"","format":"standard","meta":{"_crdt_document":"","footnotes":""},"categories":[4,3],"tags":[],"class_list":["post-2975","post","type-post","status-publish","format-standard","hentry","category-noutati","category-stars"],"_links":{"self":[{"href":"https:\/\/news-fm.ro\/index.php\/wp-json\/wp\/v2\/posts\/2975","targetHints":{"allow":["GET"]}}],"collection":[{"href":"https:\/\/news-fm.ro\/index.php\/wp-json\/wp\/v2\/posts"}],"about":[{"href":"https:\/\/news-fm.ro\/index.php\/wp-json\/wp\/v2\/types\/post"}],"author":[{"embeddable":true,"href":"https:\/\/news-fm.ro\/index.php\/wp-json\/wp\/v2\/users\/1"}],"replies":[{"embeddable":true,"href":"https:\/\/news-fm.ro\/index.php\/wp-json\/wp\/v2\/comments?post=2975"}],"version-history":[{"count":0,"href":"https:\/\/news-fm.ro\/index.php\/wp-json\/wp\/v2\/posts\/2975\/revisions"}],"wp:attachment":[{"href":"https:\/\/news-fm.ro\/index.php\/wp-json\/wp\/v2\/media?parent=2975"}],"wp:term":[{"taxonomy":"category","embeddable":true,"href":"https:\/\/news-fm.ro\/index.php\/wp-json\/wp\/v2\/categories?post=2975"},{"taxonomy":"post_tag","embeddable":true,"href":"https:\/\/news-fm.ro\/index.php\/wp-json\/wp\/v2\/tags?post=2975"}],"curies":[{"name":"wp","href":"https:\/\/api.w.org\/{rel}","templated":true}]}}