{"id":2954,"date":"2020-06-11T04:45:42","date_gmt":"2020-06-11T04:45:42","guid":{"rendered":"http:\/\/news-fm.ro\/?p=2954"},"modified":"2020-06-11T04:45:47","modified_gmt":"2020-06-11T04:45:47","slug":"concertul-celine-dion-din-bucuresti-se-amana-pentru-2021-nu-e-nimic-mai-important-decat-sanatatea-si-siguranta-tuturor","status":"publish","type":"post","link":"https:\/\/news-fm.ro\/index.php\/2020\/06\/11\/concertul-celine-dion-din-bucuresti-se-amana-pentru-2021-nu-e-nimic-mai-important-decat-sanatatea-si-siguranta-tuturor\/","title":{"rendered":"Concertul Celine Dion din Bucure\u015fti se am\u00e2n\u0103 pentru 2021: \u201eNu e nimic mai important dec\u00e2t s\u0103n\u0103tatea \u015fi siguran\u0163a tuturor\u201d"},"content":{"rendered":"\n<figure class=\"wp-block-image size-large\"><img decoding=\"async\" src=\"https:\/\/news-fm.ro\/wp-content\/uploads\/2019\/05\/celine-dion-920x584.jpg\" alt=\"\" class=\"wp-image-1494\"\/><\/figure>\n\n\n\n<p class=\"wp-block-paragraph\">Dup\u0103 ce am aflat oficial c\u0103 marile festivaluri din Rom\u00e2nia nu se mai \u021bin \u00een 2020, acum afl\u0103m (tot \u00een mod oficial) c\u0103 \u0219i concertul Celine Dion din Bucure\u0219ti s-a am\u00e2nat pentru 2021.<\/p>\n\n\n\n<p class=\"wp-block-paragraph\"><strong>Mai exact, acesta va avea loc tot pe Arena Na\u021bional\u0103 pe data de 25 iulie 2021.\u00a0<\/strong><\/p>\n\n\n\n<figure class=\"wp-block-image size-large\"><img decoding=\"async\" src=\"https:\/\/news-fm.ro\/wp-content\/uploads\/2020\/06\/celine.jpg\" alt=\"\" class=\"wp-image-2955\"\/><\/figure>\n\n\n\n<p class=\"wp-block-paragraph\"><strong>&#8220;<em>Ne pare r\u0103u c\u0103 Celine Dion nu va mai putea sus\u021bine concertul de la Bucure\u0219ti la data stabilit\u0103. Pandemia de COVID-19 are un impact devastator nu doar asupra s\u0103n\u0103t\u0103\u021bii popula\u021biei \u0219i a sistemului medical, dar \u0219i la nivel social \u0219i economic, industria muzical\u0103 fiind printre industriile afectate grav. Ne afl\u0103m \u00eentr-un context unic \u00een istoria recent\u0103, trecem to\u021bi prin momente cu adevarat dificile \u0219i suntem siguri c\u0103 fanii Celine Dion din Rom\u00e2nia \u00een\u021beleg pe deplin aceast\u0103 situa\u021bie.<\/em>&#8220;<\/strong> a declarat Laura Coroianu, Director Emagic Live, organizatorul spectacolului din Bucure\u0219ti.\u00a0<\/p>\n\n\n\n<p class=\"wp-block-paragraph\">Biletele achizi\u021bionate pentru data de 29 iulie 2020 \u00ee\u0219i p\u0103streaz\u0103 valabilitatea pentru evenimentul din 2021 \u0219i vor putea fi folosite pentru acces \u00een ziua reprogram\u0103rii evenimentului. Participan\u021bii la eveniment beneficiaz\u0103 \u00een continuare de toate drepturile conferite de biletul de access achizi\u021bionat \u0219i se supun regulamentului organizatorului, termenilor \u0219i condi\u021biilor distribuitorului de bilete \u0219i dispozitiilor art. 32 din OUG nr. 70 din 14 mai 2020.<\/p>\n\n\n\n<p class=\"wp-block-paragraph\"><a href=\"https:\/\/www.unsitedemuzica.ro\/stiri\/Concertul-Celine-Dion-din-Bucuresti-se-amana-pentru-2021-Nu-e-nimic-mai-important-decat-sanatatea-si-siguranta-tuturor-p10188\">UN SITE DE MUZICA<\/a><\/p>\n","protected":false},"excerpt":{"rendered":"<p>Dup\u0103 ce am aflat oficial c\u0103 marile festivaluri din Rom\u00e2nia nu se mai \u021bin \u00een 2020, acum afl\u0103m (tot \u00een mod oficial) c\u0103 \u0219i concertul Celine Dion din Bucure\u0219ti s-a am\u00e2nat pentru 2021. Mai exact, acesta va avea loc tot pe Arena Na\u021bional\u0103 pe data de 25 iulie 2021.\u00a0 &#8220;Ne pare r\u0103u c\u0103 Celine Dion [&hellip;]<\/p>\n","protected":false},"author":1,"featured_media":0,"comment_status":"closed","ping_status":"closed","sticky":false,"template":"","format":"standard","meta":{"_crdt_document":"","footnotes":""},"categories":[3],"tags":[],"class_list":["post-2954","post","type-post","status-publish","format-standard","hentry","category-stars"],"_links":{"self":[{"href":"https:\/\/news-fm.ro\/index.php\/wp-json\/wp\/v2\/posts\/2954","targetHints":{"allow":["GET"]}}],"collection":[{"href":"https:\/\/news-fm.ro\/index.php\/wp-json\/wp\/v2\/posts"}],"about":[{"href":"https:\/\/news-fm.ro\/index.php\/wp-json\/wp\/v2\/types\/post"}],"author":[{"embeddable":true,"href":"https:\/\/news-fm.ro\/index.php\/wp-json\/wp\/v2\/users\/1"}],"replies":[{"embeddable":true,"href":"https:\/\/news-fm.ro\/index.php\/wp-json\/wp\/v2\/comments?post=2954"}],"version-history":[{"count":0,"href":"https:\/\/news-fm.ro\/index.php\/wp-json\/wp\/v2\/posts\/2954\/revisions"}],"wp:attachment":[{"href":"https:\/\/news-fm.ro\/index.php\/wp-json\/wp\/v2\/media?parent=2954"}],"wp:term":[{"taxonomy":"category","embeddable":true,"href":"https:\/\/news-fm.ro\/index.php\/wp-json\/wp\/v2\/categories?post=2954"},{"taxonomy":"post_tag","embeddable":true,"href":"https:\/\/news-fm.ro\/index.php\/wp-json\/wp\/v2\/tags?post=2954"}],"curies":[{"name":"wp","href":"https:\/\/api.w.org\/{rel}","templated":true}]}}