{"id":2949,"date":"2020-06-11T04:37:52","date_gmt":"2020-06-11T04:37:52","guid":{"rendered":"http:\/\/news-fm.ro\/?p=2949"},"modified":"2020-06-11T04:37:56","modified_gmt":"2020-06-11T04:37:56","slug":"un-muzeu-dedicat-lui-avicii-se-va-deschide-in-stockholm","status":"publish","type":"post","link":"https:\/\/news-fm.ro\/index.php\/2020\/06\/11\/un-muzeu-dedicat-lui-avicii-se-va-deschide-in-stockholm\/","title":{"rendered":"Un muzeu dedicat lui Avicii se va deschide \u00een Stockholm"},"content":{"rendered":"\n<figure class=\"wp-block-image size-large\"><img decoding=\"async\" src=\"https:\/\/news-fm.ro\/wp-content\/uploads\/2020\/06\/avicii.jpg\" alt=\"\" class=\"wp-image-2950\"\/><\/figure>\n\n\n\n<p class=\"wp-block-paragraph\">Avicii va avea \u00een Stockholm un muzeu omagial. O parte din banii ob\u021binu\u021bi din v\u00e2nz\u0103rile de bilete vor fi direc\u021biona\u021bi c\u0103tre Funda\u021bia Tim Bergling, care-\u0219i propune s\u0103 ofere sprijin tinerilor afla\u021bi \u00een depresie.<\/p>\n\n\n\n<p class=\"wp-block-paragraph\"><strong>Via\u021ba \u0219i cariera DJ-ului \u0219i produc\u0103torului suedez Avicii va fi onorat\u0103 \u00een cadrul unui muzeu in memoriam<\/strong>, ce se va deschide \u00een 2021 \u00een Stockholm. Cei care au pus la care expozi\u021bia The Avicii Experience promit&nbsp;<em>&#8220;un omagiu emo\u021bionant&#8221;<\/em>&nbsp;care&nbsp;<em>&#8220;va urm\u0103ri povestea lui Tim, de la \u00eenceputurile timide de tocilar retras, p\u00e2n\u0103 la ob\u021binerea statutului de superstar, din camera lui de copil\u0103rie, unde a \u00eenceput totul, \u0219i p\u00e2n\u0103 la studioul din Los Angeles, unde au fost create cele mai mari hituri ale sale&#8221;<\/em>.<\/p>\n\n\n\n<h3 class=\"wp-block-heading\">Ce va include expozi\u021bia The Avicii Experience<\/h3>\n\n\n\n<p class=\"wp-block-paragraph\">The Avicii Experience va aduce \u00een fa\u021ba publicului obiecte de colec\u021bie, poze \u0219i clipuri ce nu au mai fost dezv\u0103luite p\u00e2n\u0103 acum \u0219i muzic\u0103 nepublicat\u0103, inclusiv versiuni nelansate ale imnului EDM &#8220;Levels&#8221;. Expozi\u021bia va include \u0219i muzic\u0103 nelansat\u0103 care a servit drept fundament al\u00a0albumului postum &#8220;Tim&#8221;, disc ap\u0103rut \u00een 2019, la aproximativ un an de la moartea lui Avicii.<\/p>\n\n\n\n<p class=\"wp-block-paragraph\"><strong>Muzeul va fi situat \u00een una din principalele pie\u021be ale ora\u0219ului Stockholm<\/strong>, Sergels torg, \u00een interiorul unui nou&nbsp;<em>&#8220;centru de cultur\u0103 digital\u0103&#8221;<\/em>&nbsp;numit Space. Acesta va g\u0103zdui o varietate de activit\u0103\u021bi, de la gaming la muzic\u0103 \u0219i crearea de con\u021binut.<\/p>\n\n\n\n<p class=\"wp-block-paragraph\">O parte din banii ob\u021binu\u021bi din v\u00e2nz\u0103rile de bilete vor merge la Funda\u021bia Tim Bergling, creat\u0103 de p\u0103rin\u021bii lui Avicii, Klas Bergling \u0219i Anki Lid\u00e9n, \u00een amintirea fiului lor. Funda\u021bia are ca principal obiectiv prevenirea suicidului \u00een r\u00e2ndul tinerilor. Data deschiderii muzeului The Avicii Experience nu a fost \u00eenc\u0103 anun\u021bat\u0103.<\/p>\n\n\n\n<p class=\"wp-block-paragraph\">DJ-ul suedez Avicii, pe numele s\u0103u real\u00a0Tim Bergling, a murit la doar 28 de ani, pe 20 aprilie 2018. Cariera sa a \u00eenceput \u00een 2007, dup\u0103 ce a colaborat cu mul\u021bi produc\u0103tori \u0219i DJ cunoscu\u021bi, precum John Dahlback \u0219i David Guetta.\u00a0<strong>Avicii<\/strong>\u00a0a cunoscut pentru prima dat\u0103 succesul interna\u021bional la doar 22 de ani, c\u00e2nd single-ul &#8220;<strong>Levels&#8221;<\/strong>\u00a0(2011) s-a aflat pe primele pozi\u021bii \u00een topuri din peste 50 de \u021b\u0103ri. Au urmat hiturile &#8220;<strong>Wake Me Up!<\/strong>&#8220;, &#8220;<strong>Hey Brother<\/strong>&#8221; \u0219i &#8220;<strong>Addicted to You<\/strong>&#8220;.<\/p>\n\n\n\n<p class=\"wp-block-paragraph\">Avicii a concertat prima oar\u0103 \u00een Rom\u00e2nia \u00een 2015, \u00een cadrul\u00a0<strong>Untold Festival<\/strong>.<\/p>\n\n\n\n<figure class=\"wp-block-embed-youtube wp-block-embed is-type-video is-provider-youtube wp-embed-aspect-16-9 wp-has-aspect-ratio\"><div class=\"wp-block-embed__wrapper\">\n<iframe title=\"Avicii - Wake Me Up (Official Video)\" width=\"1140\" height=\"641\" src=\"https:\/\/www.youtube.com\/embed\/IcrbM1l_BoI?feature=oembed\" frameborder=\"0\" allow=\"accelerometer; autoplay; clipboard-write; encrypted-media; gyroscope; picture-in-picture; web-share\" allowfullscreen><\/iframe>\n<\/div><\/figure>\n\n\n\n<p class=\"wp-block-paragraph\"><a href=\"https:\/\/www.infomusic.ro\/2020\/06\/muzeu-dedicat-lui-avicii-in-stockholm\/\">INFO MUSIC<\/a><\/p>\n","protected":false},"excerpt":{"rendered":"<p>Avicii va avea \u00een Stockholm un muzeu omagial. O parte din banii ob\u021binu\u021bi din v\u00e2nz\u0103rile de bilete vor fi direc\u021biona\u021bi c\u0103tre Funda\u021bia Tim Bergling, care-\u0219i propune s\u0103 ofere sprijin tinerilor afla\u021bi \u00een depresie. Via\u021ba \u0219i cariera DJ-ului \u0219i produc\u0103torului suedez Avicii va fi onorat\u0103 \u00een cadrul unui muzeu in memoriam, ce se va deschide \u00een [&hellip;]<\/p>\n","protected":false},"author":1,"featured_media":0,"comment_status":"closed","ping_status":"closed","sticky":false,"template":"","format":"standard","meta":{"_crdt_document":"","footnotes":""},"categories":[3],"tags":[],"class_list":["post-2949","post","type-post","status-publish","format-standard","hentry","category-stars"],"_links":{"self":[{"href":"https:\/\/news-fm.ro\/index.php\/wp-json\/wp\/v2\/posts\/2949","targetHints":{"allow":["GET"]}}],"collection":[{"href":"https:\/\/news-fm.ro\/index.php\/wp-json\/wp\/v2\/posts"}],"about":[{"href":"https:\/\/news-fm.ro\/index.php\/wp-json\/wp\/v2\/types\/post"}],"author":[{"embeddable":true,"href":"https:\/\/news-fm.ro\/index.php\/wp-json\/wp\/v2\/users\/1"}],"replies":[{"embeddable":true,"href":"https:\/\/news-fm.ro\/index.php\/wp-json\/wp\/v2\/comments?post=2949"}],"version-history":[{"count":0,"href":"https:\/\/news-fm.ro\/index.php\/wp-json\/wp\/v2\/posts\/2949\/revisions"}],"wp:attachment":[{"href":"https:\/\/news-fm.ro\/index.php\/wp-json\/wp\/v2\/media?parent=2949"}],"wp:term":[{"taxonomy":"category","embeddable":true,"href":"https:\/\/news-fm.ro\/index.php\/wp-json\/wp\/v2\/categories?post=2949"},{"taxonomy":"post_tag","embeddable":true,"href":"https:\/\/news-fm.ro\/index.php\/wp-json\/wp\/v2\/tags?post=2949"}],"curies":[{"name":"wp","href":"https:\/\/api.w.org\/{rel}","templated":true}]}}