{"id":2941,"date":"2020-06-10T04:30:21","date_gmt":"2020-06-10T04:30:21","guid":{"rendered":"http:\/\/news-fm.ro\/?p=2941"},"modified":"2020-06-10T04:30:26","modified_gmt":"2020-06-10T04:30:26","slug":"videoclip-oficial-adda-feat-smiley-sambata-seara","status":"publish","type":"post","link":"https:\/\/news-fm.ro\/index.php\/2020\/06\/10\/videoclip-oficial-adda-feat-smiley-sambata-seara\/","title":{"rendered":"Videoclip oficial: ADDA feat. Smiley &#8211; S\u00e2mb\u0103t\u0103 Seara"},"content":{"rendered":"\n<figure class=\"wp-block-image size-large\"><img decoding=\"async\" src=\"https:\/\/news-fm.ro\/wp-content\/uploads\/2020\/06\/ADDA-SI-SMILEY-1024x576.jpg\" alt=\"\" class=\"wp-image-2942\"\/><\/figure>\n\n\n\n<p class=\"wp-block-paragraph\">Adda \u0219i Smiley au lansat prima lor colaborare, o pies\u0103 de dragoste pentru weekenduri \u00een doi intitulat\u0103 &#8220;S\u00e2mb\u0103t\u0103 Seara&#8221;. Melodia vine \u00eempreun\u0103 cu un videoclip cu scene fierbin\u021bi \u00eentre doi tineri \u00eendr\u0103gosti\u021bi.<\/p>\n\n\n\n<p class=\"wp-block-paragraph\">Compus\u0103 de&nbsp;<strong>Adda \u0219i Smiley, piesa &#8220;S\u00e2mb\u0103t\u0103 Seara&#8221;<\/strong>&nbsp;este dedicat\u0103 tuturor cuplurilor care a\u0219teapt\u0103 cu ner\u0103bdare weekendul pentru a se bucura de intimitate.<\/p>\n\n\n\n<p class=\"wp-block-paragraph\"><em><strong>&#8220;&#8221;S\u00e2mb\u0103t\u0103 Seara&#8221; e pentru am\u00e2ndoi! S\u0103 nu ne vad\u0103 nimeni! S\u0103 nu-i vedem nici noi!&#8221;<\/strong>,<\/em> recomand\u0103 Adda, cit\u00e2nd din versurile primei sale piese cu Smiley.<\/p>\n\n\n\n<p class=\"wp-block-paragraph\">Noul single este lansat \u00eempreun\u0103 cu un&nbsp;<strong>videoclip regizat de Alex Ceau\u0219u<\/strong>&nbsp;dup\u0103 o scenografie semnat\u0103 de Rizea C\u0103t\u0103lin. \u00cen ton cu versurile melodiei, clipul ne prezint\u0103 felul \u00een care &#8220;S\u00e2mb\u0103t\u0103 Seara&#8221; ar putea ar\u0103ta atunci c\u00e2nd \u021bi-o petreci cu persoana iubit\u0103.<\/p>\n\n\n\n<p class=\"wp-block-paragraph\"><em><strong>&#8220;S\u00e2mb\u0103t\u0103 Seara&#8221; e o pies\u0103 perfect\u0103 care se lanseaz\u0103 acum, dup\u0103 carantin\u0103. Pentru c\u0103 este despre apropiere. E o pies\u0103 senzual\u0103 despre dragoste&#8230; Intens\u0103 \u0219i \u00eemp\u0103rt\u0103\u0219it\u0103&#8230; Foarte \u00eemp\u0103rt\u0103\u0219it\u0103. \u00cemi d\u0103 o stare de bine \u0219i sper s\u0103 rezoneze cu oamenii care o vor asculta. Iar clipul este senza\u021bional! M\u0103 bucur c\u0103 este o colaborare cu Smiley. Se potrive\u0219te perfect cu piesa \u0219i vibe-ul. Am lucrat foarte frumos \u00eempreun\u0103. Este un artist pe care \u00eel apreciez \u0219i respect mult&#8221;<\/strong><\/em>, declar\u0103 ADDA.<\/p>\n\n\n\n<figure class=\"wp-block-embed-youtube wp-block-embed is-type-video is-provider-youtube wp-embed-aspect-16-9 wp-has-aspect-ratio\"><div class=\"wp-block-embed__wrapper\">\n<iframe title=\"ADDA feat. Smiley - Sambata Seara | Videoclip Oficial\" width=\"1140\" height=\"641\" src=\"https:\/\/www.youtube.com\/embed\/0BVlmMwUiPg?feature=oembed\" frameborder=\"0\" allow=\"accelerometer; autoplay; clipboard-write; encrypted-media; gyroscope; picture-in-picture; web-share\" allowfullscreen><\/iframe>\n<\/div><\/figure>\n\n\n\n<p class=\"wp-block-paragraph\"><a href=\"https:\/\/www.infomusic.ro\/videoclip\/adda-feat-smiley-sambata-seara\/\">INFO MUSIC<\/a><\/p>\n","protected":false},"excerpt":{"rendered":"<p>Adda \u0219i Smiley au lansat prima lor colaborare, o pies\u0103 de dragoste pentru weekenduri \u00een doi intitulat\u0103 &#8220;S\u00e2mb\u0103t\u0103 Seara&#8221;. Melodia vine \u00eempreun\u0103 cu un videoclip cu scene fierbin\u021bi \u00eentre doi tineri \u00eendr\u0103gosti\u021bi. Compus\u0103 de&nbsp;Adda \u0219i Smiley, piesa &#8220;S\u00e2mb\u0103t\u0103 Seara&#8221;&nbsp;este dedicat\u0103 tuturor cuplurilor care a\u0219teapt\u0103 cu ner\u0103bdare weekendul pentru a se bucura de intimitate. &#8220;&#8221;S\u00e2mb\u0103t\u0103 Seara&#8221; [&hellip;]<\/p>\n","protected":false},"author":1,"featured_media":0,"comment_status":"closed","ping_status":"closed","sticky":false,"template":"","format":"standard","meta":{"_crdt_document":"","footnotes":""},"categories":[4,3],"tags":[],"class_list":["post-2941","post","type-post","status-publish","format-standard","hentry","category-noutati","category-stars"],"_links":{"self":[{"href":"https:\/\/news-fm.ro\/index.php\/wp-json\/wp\/v2\/posts\/2941","targetHints":{"allow":["GET"]}}],"collection":[{"href":"https:\/\/news-fm.ro\/index.php\/wp-json\/wp\/v2\/posts"}],"about":[{"href":"https:\/\/news-fm.ro\/index.php\/wp-json\/wp\/v2\/types\/post"}],"author":[{"embeddable":true,"href":"https:\/\/news-fm.ro\/index.php\/wp-json\/wp\/v2\/users\/1"}],"replies":[{"embeddable":true,"href":"https:\/\/news-fm.ro\/index.php\/wp-json\/wp\/v2\/comments?post=2941"}],"version-history":[{"count":0,"href":"https:\/\/news-fm.ro\/index.php\/wp-json\/wp\/v2\/posts\/2941\/revisions"}],"wp:attachment":[{"href":"https:\/\/news-fm.ro\/index.php\/wp-json\/wp\/v2\/media?parent=2941"}],"wp:term":[{"taxonomy":"category","embeddable":true,"href":"https:\/\/news-fm.ro\/index.php\/wp-json\/wp\/v2\/categories?post=2941"},{"taxonomy":"post_tag","embeddable":true,"href":"https:\/\/news-fm.ro\/index.php\/wp-json\/wp\/v2\/tags?post=2941"}],"curies":[{"name":"wp","href":"https:\/\/api.w.org\/{rel}","templated":true}]}}