{"id":2934,"date":"2020-06-09T05:01:37","date_gmt":"2020-06-09T05:01:37","guid":{"rendered":"http:\/\/news-fm.ro\/?p=2934"},"modified":"2020-06-09T05:01:37","modified_gmt":"2020-06-09T05:01:37","slug":"u2-prezinta-o-versiune-noua-de-beautiful-day-cover-al-vedetelor-care-canta-impreuna","status":"publish","type":"post","link":"https:\/\/news-fm.ro\/index.php\/2020\/06\/09\/u2-prezinta-o-versiune-noua-de-beautiful-day-cover-al-vedetelor-care-canta-impreuna\/","title":{"rendered":"U2 prezint\u0103 o versiune nou\u0103 de &#8220;Beautiful Day&#8221;, cover al vedetelor care c\u00e2nt\u0103 \u00eempreun\u0103"},"content":{"rendered":"\n<figure class=\"wp-block-image size-large\"><img decoding=\"async\" src=\"https:\/\/news-fm.ro\/wp-content\/uploads\/2018\/12\/u2-joke-album-release-format-itunes-funny.png\" alt=\"\" class=\"wp-image-913\"\/><\/figure>\n\n\n\n<p class=\"wp-block-paragraph\">\u00cen ultimele 24 de ore Barack Obama \u015fi Michelle Obama au realizat o ceremonie virtual\u0103 de absolvire a cursurilor din 2020, iar cu aceast\u0103 ocazie U2 a dorit s\u0103 transmit\u0103 un mesaj special tinerilor. Solistul Bono a prezentat o versiune nou\u0103, cover a piesei &#8220;Beautiful Day&#8221;, c\u00e2ntat\u0103 de aceast\u0103 dat\u0103 de o serie de celebrit\u0103\u0163i. Ce a ie\u015fit vede\u0163i \u00een articol.<\/p>\n\n\n\n<p class=\"wp-block-paragraph\"><strong>&#8220;Beautiful Day&#8221;<\/strong>&nbsp;este poate cea mai cunoscut\u0103 pies\u0103 a&nbsp;<strong>trupei irlandeze U2<\/strong>. A fost \u00eenregistrat\u0103 \u00een anul 2000 \u015fi lansat\u0103 \u00een toamna acelui an ca single. A fost \u015fi primul single de pe albumul cu num\u0103rul 10 din discografia grupului, &#8220;All That You Can&#8217;t Leave Behind&#8221;. Are o istorie interesant\u0103 \u00een spate, pentru c\u0103 tonalitatea folosit\u0103 pe chitara lui Edge a fost subiect de discu\u0163ii printre arti\u015fti. Ini\u0163ial se dorea o tonalitate mai \u00eentunecat\u0103, dar Bono a preferat o abordare mai optimist\u0103.<\/p>\n\n\n\n<p class=\"wp-block-paragraph\">Mesajul melodiei a r\u0103mas neschimbat pe parcursul deceniilor: &#8220;bucur\u0103-te de ce ai chiar \u015fi c\u00e2nd pierzi totul&#8221;. Acest track a c\u00e2\u015ftigat nu mai pu\u0163in de 3 premii Grammy \u00een 2001. Coverul din 2020 este produs de c\u0103tre Finneas O&#8217;Connell, fratele lui Billie Eilish \u015fi include apari\u0163ii de la Chris Martin, solistul Coldplay, dar \u015fi Camila Cabello, Ty Dollar $ign, Cynthia Erivo, Khalid, Noah Cyrus \u015fi Ben Platt.&nbsp;<strong>Bono<\/strong>&nbsp;transmite urm\u0103torul mesaj la \u00eenceput de clip:<\/p>\n\n\n\n<blockquote class=\"wp-block-quote is-layout-flow wp-block-quote-is-layout-flow\"><p>Ca un irlandez, am crezut mereu c\u0103 America nu este doar o \u0163ar\u0103, este o idee, este un vis, care apar\u0163ine lumii \u00eentregi. Acum \u015ftiu c\u0103 \u00een ultima vreme lumea \u015fi-a amintit c\u0103 America este o idee care nici m\u0103car nu apar\u0163ine multor americani \u015fi c\u0103 pentru mul\u0163i americani de culoare, tor\u0163a Statuii Libert\u0103\u0163ii e departe de un simbol de speran\u0163\u0103, e deseori o lovitur\u0103 de lantern\u0103 \u00een fa\u0163\u0103.<\/p><p>Erau nori de furtun\u0103 deasupra Dublinului atunci c\u00e2nd U2 a \u00eenregistrat &#8220;Beautiful Day&#8221; &#8211; lucrurile nu erau cum trebuia s\u0103 fie. Melodia nu este o descriere a momentului \u00een care ne afl\u0103m. Era o rug\u0103ciune pentru locul \u00een care am fi putut ajunge. Era un vis, cum \u015fi America este un vis a ceea ce ar putea fi. \u015etim c\u0103 America e o pies\u0103 care \u00eenc\u0103 se scrie. C\u0103 America ar putea fi cea mai grozav\u0103 pies\u0103 pe care lumea nu a auzit-o. Este un g\u00e2nd ciudat, c\u0103 America \u00eenc\u0103 nu exist\u0103.<\/p><p>\u015ei mai ciudat c\u0103 absolven\u0163ii lui 2020 ar putea fi acei oameni care o transform\u0103 \u00een realitate, dup\u0103 244 de ani de dorin\u0163\u0103 de libertate &#8211; uneori m\u0103r\u015f\u0103luind, alteori protest\u00e2nd, uneori \u00een genunchi, alteori cu un genunchi jos la imn, ajungi acolo. Nu \u015ftiu, dar \u015ftiu cine &#8211; voi, voi pute\u0163i ridica barierele xenofobiei \u015fi cu votul vostru pute\u0163i distruge institu\u0163iile care sus\u0163in acea xenofobie \u015fi sunt \u00een calea voastr\u0103. Pute\u0163i intra \u00een America \u015fi vom intra cu voi, dar ve\u0163i fi voi \u015fi aceea va fi o zi frumoas\u0103.<\/p><\/blockquote>\n\n\n\n<figure class=\"wp-block-embed-youtube wp-block-embed is-type-video is-provider-youtube wp-embed-aspect-16-9 wp-has-aspect-ratio\"><div class=\"wp-block-embed__wrapper\">\nhttps:\/\/www.youtube.com\/watch?v=xhNkdCYGEYA\n<\/div><\/figure>\n\n\n\n<p class=\"wp-block-paragraph\"><a href=\"https:\/\/www.infomusic.ro\/2020\/06\/u2-prezinta-o-versiune-noua-de-beautiful-day-cover-al-vedetelor-care-canta-impreuna-video\/\">INFO MUSIC<\/a><\/p>\n","protected":false},"excerpt":{"rendered":"<p>\u00cen ultimele 24 de ore Barack Obama \u015fi Michelle Obama au realizat o ceremonie virtual\u0103 de absolvire a cursurilor din 2020, iar cu aceast\u0103 ocazie U2 a dorit s\u0103 transmit\u0103 un mesaj special tinerilor. Solistul Bono a prezentat o versiune nou\u0103, cover a piesei &#8220;Beautiful Day&#8221;, c\u00e2ntat\u0103 de aceast\u0103 dat\u0103 de o serie de celebrit\u0103\u0163i. [&hellip;]<\/p>\n","protected":false},"author":1,"featured_media":0,"comment_status":"closed","ping_status":"closed","sticky":false,"template":"","format":"standard","meta":{"_crdt_document":"","footnotes":""},"categories":[3],"tags":[],"class_list":["post-2934","post","type-post","status-publish","format-standard","hentry","category-stars"],"_links":{"self":[{"href":"https:\/\/news-fm.ro\/index.php\/wp-json\/wp\/v2\/posts\/2934","targetHints":{"allow":["GET"]}}],"collection":[{"href":"https:\/\/news-fm.ro\/index.php\/wp-json\/wp\/v2\/posts"}],"about":[{"href":"https:\/\/news-fm.ro\/index.php\/wp-json\/wp\/v2\/types\/post"}],"author":[{"embeddable":true,"href":"https:\/\/news-fm.ro\/index.php\/wp-json\/wp\/v2\/users\/1"}],"replies":[{"embeddable":true,"href":"https:\/\/news-fm.ro\/index.php\/wp-json\/wp\/v2\/comments?post=2934"}],"version-history":[{"count":0,"href":"https:\/\/news-fm.ro\/index.php\/wp-json\/wp\/v2\/posts\/2934\/revisions"}],"wp:attachment":[{"href":"https:\/\/news-fm.ro\/index.php\/wp-json\/wp\/v2\/media?parent=2934"}],"wp:term":[{"taxonomy":"category","embeddable":true,"href":"https:\/\/news-fm.ro\/index.php\/wp-json\/wp\/v2\/categories?post=2934"},{"taxonomy":"post_tag","embeddable":true,"href":"https:\/\/news-fm.ro\/index.php\/wp-json\/wp\/v2\/tags?post=2934"}],"curies":[{"name":"wp","href":"https:\/\/api.w.org\/{rel}","templated":true}]}}