{"id":2903,"date":"2020-06-03T05:01:15","date_gmt":"2020-06-03T05:01:15","guid":{"rendered":"http:\/\/news-fm.ro\/?p=2903"},"modified":"2020-06-03T05:01:51","modified_gmt":"2020-06-03T05:01:51","slug":"lady-gaga-vorbeste-deschis-despre-rasism-si-privilegiul-albilor","status":"publish","type":"post","link":"https:\/\/news-fm.ro\/index.php\/2020\/06\/03\/lady-gaga-vorbeste-deschis-despre-rasism-si-privilegiul-albilor\/","title":{"rendered":"Lady Gaga vorbe\u015fte deschis despre rasism \u015fi privilegiul albilor"},"content":{"rendered":"\n<figure class=\"wp-block-image size-large\"><img decoding=\"async\" src=\"https:\/\/news-fm.ro\/wp-content\/uploads\/2020\/04\/LADY-GAGA-1024x1024.jpg\" alt=\"\" class=\"wp-image-2416\"\/><\/figure>\n\n\n\n<p class=\"wp-block-paragraph\">Lady Gaga se al\u0103tur\u0103 protestatarilor \u0219i a hot\u0103r\u00e2t s\u0103 am\u00e2ne celebrarea lans\u0103rii noului ei album,&nbsp;<strong>\u201eChromatica.\u201d<\/strong><\/p>\n\n\n\n<p class=\"wp-block-paragraph\"><em>\u201eOric\u00e2t de mult mi-a\u0219 dori s\u0103 ascult\u0103m Chromatica \u00eempreun\u0103 ca un grup global de bun\u0103tate, bun\u0103tatea noastr\u0103 trebuie direc\u021bionat\u0103 c\u0103tre lume \u00een ziua de azi. Voi am\u00e2na sesiunea noastr\u0103 de ascultare \u0219i v\u0103 \u00eencurajez s\u0103 profita\u021bi de acest timp pentru a v\u0103 \u00eenregistra la vot \u0219i a v\u0103 face vocea auzit\u0103.\u201d<\/em><\/p>\n\n\n\n<p class=\"wp-block-paragraph\">Gaga a scris cele de mai sus pe 29 mai \u0219i de atunci \u0219i p\u00e2n\u0103 acum nu a mai vorbit nimic \u00een social media. \u00cen prezent, \u0219i-a g\u0103sit cuvintele pentru a vorbi deschis despre rasism \u0219i privilegiul albilor.<\/p>\n\n\n\n<p class=\"wp-block-paragraph\"><em>\u201eAm foarte multe lucruri de spus pe acest subiect, dar primul lucru pe care vreau s\u0103-l spun este c\u0103-mi este fric\u0103 s\u0103 spun orice care ar putea duce la furie, de\u0219i fix asta este emo\u021bia justificat\u0103 de acum. Nu vreau s\u0103 contribui la \u0219i mai multe violen\u021be, vreau s\u0103 contribui la solu\u021bii.<\/em><\/p>\n\n\n\n<p class=\"wp-block-paragraph\"><em>Sunt revoltat\u0103 de moartea lui George Floyd, la fel cum am fost de mor\u021bile prea multor vie\u021bi de culoare, de-a lungul sutelor de ani, care au fost luate de l\u00e2ng\u0103 noi \u00een aceast\u0103 \u021bar\u0103, ca rezultat al rasismului sistemic \u0219i sistemului corupt care-l sus\u021bine. Vocile comunit\u0103\u021bilor de culoare au fost reduse la t\u0103cere mult timp, iar acea t\u0103cere s-a dovedit a fi mortal\u0103 \u00een repetate r\u00e2nduri.<\/em><\/p>\n\n\n\n<p class=\"wp-block-paragraph\"><em>\u0218i indiferent ce fac pentru a protesta, ei \u00eenc\u0103 sunt \u00eent\u00e2mpina\u021bi cu lips\u0103 de compasiune de c\u0103tre liderii care ar fi trebuit s\u0103-i protejeze. \u00cen fiecare zi, oamenii din America sunt rasi\u0219ti.<\/em><\/p>\n\n\n\n<p class=\"wp-block-paragraph\"><em>Acum este un moment critic pentru comunitatea de culoare \u0219i are nevoie s\u0103 fie sus\u021binut\u0103 \u0219i de celelalte comunit\u0103\u021bi, pentru a putea opri acest r\u0103u intrinsec, cu voin\u021ba Domnului sau oric\u0103rui creator \u00een care crede\u021bi sau nu.\u201d<\/em><\/p>\n\n\n\n<p class=\"wp-block-paragraph\">Gaga a vorbit \u0219i despre Trump \u0219i cum el a \u00eencurajat rasismul \u00een State.&nbsp;<em>\u201eEl de\u021bine cel mai puternic birou din lume \u0219i tot ceea ce poate oferi este ignoran\u021b\u0103, \u00een timp ce vie\u021bile de culoare continu\u0103 s\u0103 fie luate. \u0218tiam c\u0103 este un prost \u0219i un rasist \u00eenc\u0103 de c\u00e2nd a devenit pre\u0219edinte. El ofer\u0103 energie \u0219i putere unui sistem care deja are r\u0103d\u0103cinile bine prinse \u00een rasism \u0219i \u00een activitatea rasist\u0103 \u0219i cu to\u021bii putem vedea ce se \u00eent\u00e2mpl\u0103.\u201d<\/em><\/p>\n\n\n\n<p class=\"wp-block-paragraph\">Artista \u00ee\u0219i recunoa\u0219te \u0219i privilegiul de a fi alb\u0103:&nbsp;<em>\u201eTREBUIE s\u0103 ne ar\u0103t\u0103m iubirea fa\u021b\u0103 de comunitatea de culoare. Ca alb\u0103, femeie privilegiat\u0103, iau un jur\u0103m\u00e2nt de a m\u0103 \u021bine de aceast\u0103 promisiune. Comunitatea noastr\u0103 privilegiat\u0103 nu a f\u0103cut \u00eendeajuns de multe pentru a lupta \u00eempotriva rasismului \u0219i de a fi al\u0103turi de acei oameni care sunt uci\u0219i din cauza acestuia.<\/em><\/p>\n\n\n\n<p class=\"wp-block-paragraph\"><em>Asta nu este dreptate. Vorbim despre o tragedie epic\u0103 care ne define\u0219te \u021bara \u0219i a definit-o de mult timp \u00eencoace. Sunt trist\u0103. Sunt nervoas\u0103. M\u0103 voi folosi de cuvintele pe care le g\u0103sesc pentru a \u00eencerca s\u0103 comunic ceea ce trebuie s\u0103 se schimbe \u00eentr-un mod eficient \u0219i non-violent.\u201d<\/em><\/p>\n\n\n\n<figure class=\"wp-block-embed-youtube wp-block-embed is-type-video is-provider-youtube wp-embed-aspect-4-3 wp-has-aspect-ratio\"><div class=\"wp-block-embed__wrapper\">\n<iframe title=\"Born This Way\" width=\"1140\" height=\"855\" src=\"https:\/\/www.youtube.com\/embed\/fn8JP4rUP2I?feature=oembed\" frameborder=\"0\" allow=\"accelerometer; autoplay; clipboard-write; encrypted-media; gyroscope; picture-in-picture; web-share\" allowfullscreen><\/iframe>\n<\/div><\/figure>\n\n\n\n<p class=\"wp-block-paragraph\"><a href=\"https:\/\/www.unsitedemuzica.ro\/stiri\/-Lady-Gaga-vorbeste-deschis-despre-rasism-si-privilegiul-albilor-p10128\">un site de muzica<\/a><\/p>\n","protected":false},"excerpt":{"rendered":"<p>Lady Gaga se al\u0103tur\u0103 protestatarilor \u0219i a hot\u0103r\u00e2t s\u0103 am\u00e2ne celebrarea lans\u0103rii noului ei album,&nbsp;\u201eChromatica.\u201d \u201eOric\u00e2t de mult mi-a\u0219 dori s\u0103 ascult\u0103m Chromatica \u00eempreun\u0103 ca un grup global de bun\u0103tate, bun\u0103tatea noastr\u0103 trebuie direc\u021bionat\u0103 c\u0103tre lume \u00een ziua de azi. Voi am\u00e2na sesiunea noastr\u0103 de ascultare \u0219i v\u0103 \u00eencurajez s\u0103 profita\u021bi de acest timp pentru [&hellip;]<\/p>\n","protected":false},"author":1,"featured_media":0,"comment_status":"closed","ping_status":"closed","sticky":false,"template":"","format":"standard","meta":{"_crdt_document":"","footnotes":""},"categories":[3],"tags":[],"class_list":["post-2903","post","type-post","status-publish","format-standard","hentry","category-stars"],"_links":{"self":[{"href":"https:\/\/news-fm.ro\/index.php\/wp-json\/wp\/v2\/posts\/2903","targetHints":{"allow":["GET"]}}],"collection":[{"href":"https:\/\/news-fm.ro\/index.php\/wp-json\/wp\/v2\/posts"}],"about":[{"href":"https:\/\/news-fm.ro\/index.php\/wp-json\/wp\/v2\/types\/post"}],"author":[{"embeddable":true,"href":"https:\/\/news-fm.ro\/index.php\/wp-json\/wp\/v2\/users\/1"}],"replies":[{"embeddable":true,"href":"https:\/\/news-fm.ro\/index.php\/wp-json\/wp\/v2\/comments?post=2903"}],"version-history":[{"count":0,"href":"https:\/\/news-fm.ro\/index.php\/wp-json\/wp\/v2\/posts\/2903\/revisions"}],"wp:attachment":[{"href":"https:\/\/news-fm.ro\/index.php\/wp-json\/wp\/v2\/media?parent=2903"}],"wp:term":[{"taxonomy":"category","embeddable":true,"href":"https:\/\/news-fm.ro\/index.php\/wp-json\/wp\/v2\/categories?post=2903"},{"taxonomy":"post_tag","embeddable":true,"href":"https:\/\/news-fm.ro\/index.php\/wp-json\/wp\/v2\/tags?post=2903"}],"curies":[{"name":"wp","href":"https:\/\/api.w.org\/{rel}","templated":true}]}}