{"id":2901,"date":"2020-06-03T04:29:03","date_gmt":"2020-06-03T04:29:03","guid":{"rendered":"http:\/\/news-fm.ro\/?p=2901"},"modified":"2020-06-03T04:29:09","modified_gmt":"2020-06-03T04:29:09","slug":"untold-neversea-electric-castle-si-summer-well-au-fost-amanate-pentru-2021-ce-spun-organizatorii-despre-biletele-deja-vandute","status":"publish","type":"post","link":"https:\/\/news-fm.ro\/index.php\/2020\/06\/03\/untold-neversea-electric-castle-si-summer-well-au-fost-amanate-pentru-2021-ce-spun-organizatorii-despre-biletele-deja-vandute\/","title":{"rendered":"Untold, Neversea, Electric Castle \u0219i Summer Well au fost am\u00e2nate pentru 2021. Ce spun organizatorii despre biletele deja v\u00e2ndute"},"content":{"rendered":"\n<figure class=\"wp-block-image size-large\"><img decoding=\"async\" src=\"https:\/\/news-fm.ro\/wp-content\/uploads\/2020\/04\/untold-1.jpg\" alt=\"\" class=\"wp-image-2567\"\/><\/figure>\n\n\n\n<p class=\"wp-block-paragraph\">Organizatorii\u00a0Untold\u00a0\u0219i Neversea au anun\u021bat c\u0103 festivalurile programate vara aceasta au fost am\u00e2nate pentru 2021 din cauza restric\u021biilor impuse de autorit\u0103\u021bi.\u00a0 \u00centr-un comunicat, organizatorii anun\u021b\u0103 c\u0103 cei care \u0219i-au cump\u0103rat bilete \u0219i abonamente pentru edi\u021biile din acest an vor putea s\u0103 le foloseasc\u0103 la edi\u021biile care se vor desf\u0103\u0219ura \u00een urm\u0103torii trei ani.<\/p>\n\n\n\n<h2 class=\"wp-block-heading\" id=\"highlight-1316643-1\">Comunicatul integral<\/h2>\n\n\n\n<p class=\"wp-block-paragraph\">\u00cen ultimii 5 ani, am tr\u0103it \u00eempreun\u0103, \u00een fiecare an, cele mai intense experien\u021be \u0219i am scris, an de an, cele mai frumoase capitole \u0219i c\u0103l\u0103torii din povestea UNTOLD \u0219i NEVERSEA. V\u0103 mul\u021bumim fiec\u0103ruia dintre voi! \u00cempreun\u0103 am devenit o comunitate de milioane de prieteni, care \u00eemp\u0103rt\u0103\u0219im acelea\u0219i valori: muzica ce ne une\u0219te, dansul p\u00e2n\u0103 la r\u0103s\u0103rit, m\u00e2ndria de a promova \u0219i descoperi Rom\u00e2nia, faptele bune pe care am ales s\u0103 le facem \u00eempreun\u0103, an de an.<\/p>\n\n\n\n<p class=\"wp-block-paragraph\">La finele anului 2019, am pornit la drum pentru edi\u021biile din 2020 cu foarte mult\u0103 \u00eencredere, cu planuri \u0219i idei de excep\u021bie, cu mul\u021bi arti\u0219ti preg\u0103ti\u021bi s\u0103 vin\u0103 \u00een premier\u0103 \u00een Rom\u00e2nia, cu noi proiecte \u0219i noi campanii. F\u0103r\u0103 \u00eendoial\u0103, anul 2020 se contura ca un an menit s\u0103 dep\u0103\u0219easc\u0103, din nou, toate a\u0219tept\u0103rile!<\/p>\n\n\n\n<p class=\"wp-block-paragraph\">Din p\u0103cate, prima parte a acestui an ne-a adus o provocare pentru care \u00eentreaga planet\u0103 nu era preg\u0103tit\u0103. Am fost pu\u0219i \u00een fa\u021ba unei situa\u021bii care ne-a \u00eencercat tuturor r\u0103bdarea, \u00een\u021belegerea, aten\u021bia fa\u021b\u0103 de cei din jurul nostru. Epidemia COVID-19 ne-a f\u0103cut s\u0103 privim cu team\u0103 anul 2020, deoarece ultimele luni au fost marcate de incertitudine pentru toat\u0103 lumea. Am ales s\u0103 fim optimi\u0219ti, am ales s\u0103 lupt\u0103m pentru \u0219ansa noastr\u0103 de a ne \u00eent\u00e2lni cu prietenii no\u0219tri \u0219i \u00een aceast\u0103 var\u0103, at\u00e2ta vreme c\u00e2t a existat o speran\u021b\u0103, fie ea c\u00e2t de mic\u0103.<\/p>\n\n\n\n<p class=\"wp-block-paragraph\">\u00cen acela\u0219i timp, v-am asigurat de fiecare dat\u0103 c\u0103 suntem \u00een contact permanent cu autorit\u0103\u021bile din Rom\u00e2nia \u00eenc\u0103 din luna martie, pentru a \u00een\u021belege evolu\u021bia epidemiei \u0219i c\u0103 le-am solicitat s\u0103 ne spun\u0103 c\u00e2t mai din timp dac\u0103 ni se va permite sau nu s\u0103 organizam festivalurile noastre \u00een acest an, cu at\u00e2t mai mult cu c\u00e2t sesizam c\u0103 \u00een majoritatea \u021b\u0103rilor afectate de pandemie din Europa, autorit\u0103\u021bile au luat din timp decizia de a stopa organizarea de evenimente \u00een aceast\u0103 var\u0103 sau \u00een acest an. Ne-am ar\u0103tat sprijinul \u00een batalia anti Covid-19 \u00een toat\u0103 aceast\u0103 perioad\u0103 prin campania UNITED, am sus\u021binut toate m\u0103surile \u0219i am \u00eendrumat fanii festivalurilor s\u0103 respecte toate indica\u021biile impuse de autorit\u0103\u021bile din Rom\u00e2nia.<\/p>\n\n\n\n<p class=\"wp-block-paragraph\">Totodat\u0103, am \u021binut leg\u0103tura str\u00e2ns\u0103 \u0219i cu al\u021bi organizatori de evenimente din \u021bar\u0103 \u0219i din str\u0103in\u0103tate, deoarece, \u00een aceast\u0103 perioad\u0103 de incertitudine, am vrut s\u0103 fim convin\u0219i c\u0103 \u00een orice situa\u021bie vom fi preg\u0103ti\u021bi cu cele mai bune decizii, pun\u00e2nd pe primul loc siguran\u021ba \u0219i s\u0103n\u0103tatea voastr\u0103, a festivalierilor, a partenerilor no\u0219tri, a locuitorilor ora\u0219elor Cluj-Napoca \u0219i Constan\u021ba, a arti\u0219tilor \u0219i, nu \u00een ultimul r\u00e2nd, a miilor de oameni implica\u021bi cu at\u00e2ta pasiune \u00een organizarea evenimentelor.<\/p>\n\n\n\n<p class=\"wp-block-paragraph\">PESTE 95% DINTRE FANII CARE AU CUMP\u0102RAT \u00ceN ACEST AN, AU ACCESUL ASIGURAT LA UNA DIN URM\u0102TOARELE 3 EDI\u021aII UNTOLD \u0218I NEVERSEA<\/p>\n\n\n\n<p class=\"wp-block-paragraph\">Timpul a trecut din p\u0103cate \u00een defavoarea noastr\u0103, pandemia acoperind o perioad\u0103 de timp mult mai mare dec\u00e2t speram \u0219i cei mai optimi\u0219ti dintre noi, iar cu c\u00e2t ne apropiam de lunile iulie \u0219i august, \u00een toat\u0103 aceast\u0103 incertitudine, realitatea p\u0103rea c\u0103 ne va duce \u00eencet \u00eencet spre cel mai trist dintre scenarii.<\/p>\n\n\n\n<p class=\"wp-block-paragraph\">\u00cen acela\u0219i timp, am \u00eencercat s\u0103 \u00een\u021belegem toate \u00eengrijor\u0103rile voastre, a zecilor de mii de oameni care a\u021bi cump\u0103rat deja un bilet sau abonament la edi\u021biile din 2020 \u0219i am considerat c\u0103 este datoria noastr\u0103, ca indiferent de deciziile pe care le vor lua autorit\u0103\u021bile cu privire la desf\u0103\u0219urarea evenimentului \u00een acest an, s\u0103 v\u0103 asigur\u0103m c\u0103 ave\u021bi posibilitatea de a v\u0103 transforma abonamentele \u0219i biletele din acest an \u00een abonamente \u0219i bilete ANYTIME, care v\u0103 garanteaz\u0103 accesul la una dintre urm\u0103toarele trei edi\u021bii, la alegerea voastr\u0103.<\/p>\n\n\n\n<p class=\"wp-block-paragraph\">Ne-am sim\u021bit cu adev\u0103rat o mare familie c\u00e2nd am v\u0103zut cu c\u00e2t\u0103 \u00een\u021belegere \u0219i sus\u021binere a\u021bi primit vestea noastr\u0103, peste 95% dintre dintre cump\u0103ratorii de bilete \u0219i abonamente la festivalurile din acest an transform\u00e2ndu-le \u00een ANYTIME. Ne-a\u021bi ar\u0103tat, \u00eenc\u0103 o dat\u0103, c\u0103 avem cel mai frumos public pe care \u0219i-l poate dori un festival, c\u0103 nu suntem singuri, c\u0103 ave\u021bi \u00eencredere \u00een noi \u0219i c\u0103 a\u0219tepta\u021bi la fel de mult ca noi s\u0103 ne revedem oric\u00e2nd situa\u021bia ne-o va permite. Iar pentru toat\u0103 aceast\u0103 r\u0103bdare \u0219i \u00een\u021belegere, v\u0103 mul\u021bumim!<\/p>\n\n\n\n<p class=\"wp-block-paragraph\">EXPERIEN\u021aELE UNICE UNTOLD \u0218I NEVERSEA NU POT FI ORGANIZATE \u00ceN CONDI\u021aIILE DATE. ORGANIZATORII \u00ce\u0218I ASUM\u0102 AM\u00c2NAREA FESTIVALURILOR PENTRU ANUL 2021<\/p>\n\n\n\n<p class=\"wp-block-paragraph\">\u00cen contextul incertitudinii care planeaz\u0103 asupra industriei de evenimente, a continu\u0103rii condi\u021biilor stricte prin care oamenii pot lucra \u00eempreun\u0103 dar \u0219i a faptului c\u0103 Ministerul Culturii a trimis \u00een Parlamentul Rom\u00e2niei un proiect de lege care interzice organizarea evenimentelor cu peste 1000 de persoane p\u00e2n\u0103 pe 31 august 2020, consider\u0103m necesar s\u0103 ne asum\u0103m noi o decizie final\u0103, care s\u0103 ofere claritate tuturor celor care a\u0219teptau festivalurile din aceast\u0103 var\u0103.<\/p>\n\n\n\n<p class=\"wp-block-paragraph\">Cu inima fr\u00e2nt\u0103, dar cu certitudinea c\u0103 lu\u0103m cea mai bun\u0103 decizie pentru s\u0103n\u0103tatea \u0219i siguran\u021ba tuturor rom\u00e2nilor, lu\u0103m decizia de a am\u00e2na UNTOLD \u0219i NEVERSEA din acest an, pentru anul 2021.<\/p>\n\n\n\n<p class=\"wp-block-paragraph\">Este o situa\u021bie extrem de grea pentru noi to\u021bi, suntem cu to\u021bii cuprin\u0219i de triste\u021be, \u00eens\u0103, a\u0219a cum ne-am asumat de fiecare dat\u0103, trebuie s\u0103 punem pe primul loc siguran\u021ba tuturor, pentru a ne putea re\u00eent\u00e2lni s\u0103n\u0103to\u0219i \u0219i mai puternici \u00een 2021. \u00cen acela\u0219i timp, \u00een condi\u021biile \u00een care s-ar putea p\u0103stra pe parcursul \u00eentregii veri m\u0103surile de protec\u021bie, cum ar fi distan\u021barea social\u0103, num\u0103r limitat la c\u00e2teva sute de oameni care se pot str\u00e2nge la un loc, devine imposibil s\u0103 v\u0103 oferim experien\u021ba de festival pe care \u0219tim c\u0103 o a\u0219tepta\u021bi \u0219i pe care o merita\u021bi. Festivalul este despre bucuria de a fi \u00eempreun\u0103 cu prietenii, despre bucuria de a fi \u00een mul\u021bime al\u0103turi de al\u021bi oameni frumo\u0219i, iar orice restric\u021bii \u00een acest sens ne-ar face s\u0103 tr\u0103im experien\u021ba cu jum\u0103tate de m\u0103sur\u0103. Vom continua s\u0103 p\u0103str\u0103m leg\u0103tura cu autorit\u0103\u021bile pentru a putea reveni c\u0103tre voi cu noua perioad\u0103 de desf\u0103\u0219urare a evenimentelor \u00een 2021, \u00een cele mai bune \u0219i sigure condi\u021bii.<\/p>\n\n\n\n<p class=\"wp-block-paragraph\">BILETELE \u0218I ABONAMENTELE R\u0102M\u00c2N VALABILE PENTRU ANUL 2021. REFUND \u00ceN PERIOADA 1 OCTOMBRIE-31 DECEMBRIE 2021, PENTRU CEI CARE NU VOR PUTEA PARTICIPA<\/p>\n\n\n\n<p class=\"wp-block-paragraph\">Suntem extrem de recunosc\u0103tori celor peste 95% dintre cump\u0103r\u0103torii de bilete \u0219i abonamente la festivalul din acest an, care le-au transformat \u00een varianta ANYTIME. Pentru toat\u0103 aceast\u0103 \u00eencredere v\u0103 mul\u021bumim \u0219i v\u0103 promitem c\u0103 ve\u021bi avea parte de cele mai frumoase experien\u021be la oricare dintre urm\u0103toarele 3 edi\u021bii ve\u021bi decide s\u0103 participa\u021bi! To\u021bi cei care nu au ales alternativa ANYTIME PASS, vor putea opta \u00een termen de 30 de zile de la data anun\u021b\u0103rii edi\u021biei 2021, pentru transferarea biletului pentru edi\u021bia de anul viitor sau pentru a primi un voucher valoric care va putea fi folosit la achizi\u021bionarea altor produse ale organizatorilor. Cei care se vor afla \u00een imposibilitatea de a participa la edi\u021bia din 2021 vor putea opta pentru refund \u00een perioada 1 octombrie \u2013 31 decembrie 2021, conform OUG.70 din 14.05.2020. De asemenea, to\u021bi cei care au nevoie de suport pentru a \u00ee\u0219i reprograma caz\u0103rile de la Cluj-Napoca \u0219i Constanta sau alte situa\u021bii ap\u0103rute ca urmare a acestei decizii, ne pot contacta pentru a le oferi tot suportul de care dispunem.<\/p>\n\n\n\n<p class=\"wp-block-paragraph\">\u00cen acela\u0219i timp, trebuie s\u0103 r\u0103m\u00e2nem cu to\u021bii uni\u021bi, s\u0103 fim \u00een\u021beleg\u0103tori unii cu al\u021bii, deoarece dincolo de triste\u021bea de a nu ne \u00eent\u00e2lni \u00een acest an, e \u0219i datoria noastr\u0103 de a ne asigura c\u0103 vor trece cu bine peste aceast\u0103 perioad\u0103 \u0219i miile de furnizori, astfel \u00eenc\u00e2t s\u0103 ne putem baza \u0219i \u00een perioada urm\u0103toare pe aceia\u0219i oameni bine preg\u0103ti\u021bi, pasiona\u021bi, creativi, oameni f\u0103r\u0103 de care nu am putea organiza an de an festivalurile.<br>Vom continua s\u0103 r\u0103m\u00e2nem \u00eempreun\u0103, s\u0103 fim aceea\u0219i comunitate frumoas\u0103 \u0219i vom continua s\u0103 v\u0103 aducem bucurie \u00een perioada urm\u0103toare prin noi initiative, pentru a ne asigura c\u0103 timpul r\u0103mas p\u00e2n\u0103 c\u00e2nd ne vom re\u00eent\u00e2lni va trece mult mai u\u0219or!<br>Magia UNTOLD ne \u021bine \u00eempreun\u0103!<\/p>\n\n\n\n<h2 class=\"wp-block-heading\" id=\"highlight-1316643-2\">Electric Castle \u0219i Summer Well, de asemenea, am\u00e2nate 2021<\/h2>\n\n\n\n<p class=\"wp-block-paragraph\">Edi\u0163ia 2020 a festivalului de muzic\u0103\u00a0<strong>Electric Castle<\/strong>, ce are loc la Bon\u0163ida, l\u00e2ng\u0103 Cluj-Napoca, a fost am\u00e2nat\u0103 pentru perioada 14-18 iulie anul viitor, anun\u0163\u0103 organizatorii pe pagina oficial\u0103 de Facebook.<\/p>\n\n\n\n<p class=\"wp-block-paragraph\">Evenimentul fusese ini\u0163ial programat \u00een perioada 15-17 iulie, la Castelul Banffy, dar a fost decalat din cauza pandemiei de coronavirus.<\/p>\n\n\n\n<p class=\"wp-block-paragraph\">&#8220;\u00cen ultimii \u015fapte ani, am construit, cu fiecare edi\u0163ie, o lume \u00een care putem fi liberi \u015fi de care s\u0103 ne putem bucura cu to\u0163ii \u00een siguran\u0163\u0103. De fiecare dat\u0103, energia pe care o sim\u0163im \u00een fa\u0163a scenei \u015fi bucuria pe care ne-o transmite\u0163i \u00een timp ce descoperi\u0163i tot ce v-am preg\u0103tit ne motiveaz\u0103 s\u0103 continu\u0103m. \u015ei anul acesta, p\u00e2n\u0103 \u00een ultimul moment, am \u00eencercat s\u0103 g\u0103sim un scenariu ideal care ne-ar fi putut permite s\u0103 ne revedem la castel&#8221;, arat\u0103 organizatorii.<\/p>\n\n\n\n<p class=\"wp-block-paragraph\">Ei afirm\u0103 c\u0103 au luat decizia pentru siguran\u0163a participan\u0163ilor.<\/p>\n\n\n\n<p class=\"wp-block-paragraph\">&#8220;Din p\u0103cate, e prea mult\u0103 incertitudine cu privire la m\u0103surile de siguran\u0163\u0103 \u015fi s\u0103n\u0103tate pe care ar trebui s\u0103 le implement\u0103m, restric\u0163iile de c\u0103l\u0103torie pentru perioada urm\u0103toare \u015fi alte detalii pe care le pl\u0103nuim \u00een avans pentru a putea livra experien\u0163a mult a\u015fteptat\u0103. Nici de la autorit\u0103\u0163i nu am primit p\u00e2n\u0103 acum r\u0103spunsuri referitoare la detalii specifice, de planificare sau \u00een leg\u0103tur\u0103 cu situa\u0163ia festivalului. S\u0103n\u0103tatea \u015fi siguran\u0163a voastr\u0103 au fost \u00eentotdeauna prioritatea noastr\u0103 absolut\u0103 \u015fi, din p\u0103cate, \u00een acest moment, nu exist\u0103 un scenariu ideal \u00een care festivalul s\u0103 se desf\u0103\u015foare \u00een deplin\u0103 siguran\u0163\u0103. Av\u00e2nd \u00een vedere toate aceste aspecte, am decis s\u0103 alegem calea cea mai sigur\u0103 \u015fi s\u0103 am\u00e2n\u0103m EC8 pentru 14 &#8211; 18 iulie 2021&#8221;, mai arat\u0103 organizatorii.<\/p>\n\n\n\n<p class=\"wp-block-paragraph\">Ace\u015ftia precizeaz\u0103 c\u0103 toate biletele achizi\u0163ionate vor fi valabile pentru edi\u0163ia din 2021, iar &#8220;cei care nu vor putea participa vor avea la dispozi\u0163ie \u015fi alte op\u0163iuni&#8221;.<\/p>\n\n\n\n<p class=\"wp-block-paragraph\">Organizatorii festivalului Summer Well au anun\u021bat, printr-un comunicat postat pe Facebook, c\u0103 edi\u021bia din acest an va fi am\u00e2nat\u0103 pentru august 2021.<\/p>\n\n\n\n<p class=\"wp-block-paragraph\"><a href=\"https:\/\/www.digi24.ro\/stiri\/actualitate\/untold-neversea-electric-castle-si-summer-well-au-fost-amanate-pentru-2021-1316643\">digi24<\/a><\/p>\n","protected":false},"excerpt":{"rendered":"<p>Organizatorii\u00a0Untold\u00a0\u0219i Neversea au anun\u021bat c\u0103 festivalurile programate vara aceasta au fost am\u00e2nate pentru 2021 din cauza restric\u021biilor impuse de autorit\u0103\u021bi.\u00a0 \u00centr-un comunicat, organizatorii anun\u021b\u0103 c\u0103 cei care \u0219i-au cump\u0103rat bilete \u0219i abonamente pentru edi\u021biile din acest an vor putea s\u0103 le foloseasc\u0103 la edi\u021biile care se vor desf\u0103\u0219ura \u00een urm\u0103torii trei ani. Comunicatul integral \u00cen [&hellip;]<\/p>\n","protected":false},"author":1,"featured_media":0,"comment_status":"closed","ping_status":"closed","sticky":false,"template":"","format":"standard","meta":{"_crdt_document":"","footnotes":""},"categories":[1],"tags":[],"class_list":["post-2901","post","type-post","status-publish","format-standard","hentry","category-diverse"],"_links":{"self":[{"href":"https:\/\/news-fm.ro\/index.php\/wp-json\/wp\/v2\/posts\/2901","targetHints":{"allow":["GET"]}}],"collection":[{"href":"https:\/\/news-fm.ro\/index.php\/wp-json\/wp\/v2\/posts"}],"about":[{"href":"https:\/\/news-fm.ro\/index.php\/wp-json\/wp\/v2\/types\/post"}],"author":[{"embeddable":true,"href":"https:\/\/news-fm.ro\/index.php\/wp-json\/wp\/v2\/users\/1"}],"replies":[{"embeddable":true,"href":"https:\/\/news-fm.ro\/index.php\/wp-json\/wp\/v2\/comments?post=2901"}],"version-history":[{"count":0,"href":"https:\/\/news-fm.ro\/index.php\/wp-json\/wp\/v2\/posts\/2901\/revisions"}],"wp:attachment":[{"href":"https:\/\/news-fm.ro\/index.php\/wp-json\/wp\/v2\/media?parent=2901"}],"wp:term":[{"taxonomy":"category","embeddable":true,"href":"https:\/\/news-fm.ro\/index.php\/wp-json\/wp\/v2\/categories?post=2901"},{"taxonomy":"post_tag","embeddable":true,"href":"https:\/\/news-fm.ro\/index.php\/wp-json\/wp\/v2\/tags?post=2901"}],"curies":[{"name":"wp","href":"https:\/\/api.w.org\/{rel}","templated":true}]}}