{"id":2895,"date":"2020-06-02T04:55:47","date_gmt":"2020-06-02T04:55:47","guid":{"rendered":"http:\/\/news-fm.ro\/?p=2895"},"modified":"2020-06-02T04:56:16","modified_gmt":"2020-06-02T04:56:16","slug":"irina-rimes-lanseaza-pastila-primul-ei-album-trap-are-piese-cu-amuly-bruja-si-nane","status":"publish","type":"post","link":"https:\/\/news-fm.ro\/index.php\/2020\/06\/02\/irina-rimes-lanseaza-pastila-primul-ei-album-trap-are-piese-cu-amuly-bruja-si-nane\/","title":{"rendered":"Irina Rimes lanseaz\u0103 \u201ePastila\u201d, primul ei album trap: are piese cu Amuly, Bruja \u015fi Nane"},"content":{"rendered":"\n<figure class=\"wp-block-image size-large\"><img decoding=\"async\" src=\"https:\/\/news-fm.ro\/wp-content\/uploads\/2019\/02\/Irina_rimes_main-1-659x400.jpg\" alt=\"\" class=\"wp-image-1187\"\/><\/figure>\n\n\n\n<p class=\"wp-block-paragraph\">Irina Rimes prezint\u0103 primul ei album trap, care se lanseaz\u0103 ast\u0103zi pe Spotify, iar pe 1 iunie va fi lansat pe canalul de YouTube al artistei \u0219i \u00een toate magazinele digitale.<\/p>\n\n\n\n<p class=\"wp-block-paragraph\">Albumul con\u021bine 10 piese \u0219i colabor\u0103ri inedite cu\u00a0<strong>Amuly, Bruja \u0219i Nane<\/strong>. \u201eBag\u0103\u201d, \u201eCopilul pierdut\u201d, \u201eMic\u0103 \u0219i slab\u0103\u201d, \u201ePerfectul Imperfect\u201d, \u201ePerna ta\u201d, \u201eSinguri\u201d, \u201eSomn u\u0219or\u201d, \u201eTic Tac\u201d, \u201eTreci la nu\u201d \u0219i \u201eVin \u0219i pastile\u201d sunt melodiile care pot fi ascultate \u00eencep\u00e2nd de ast\u0103zi pe Spotify.\u00a0<\/p>\n\n\n\n<p class=\"wp-block-paragraph\"><strong>\u201eEu fac muzic\u0103, nu \u0219tiu s\u0103 o comentez\u201d<\/strong><\/p>\n\n\n\n<p class=\"wp-block-paragraph\">Albumul \u201ePastila\u201d are o \u00eensemn\u0103tate aparte pentru Irina, reprezint\u0103 o nou\u0103 etap\u0103 \u00een cariera sa \u0219i totodat\u0103 o surpriz\u0103 pentru to\u021bi cei care o urm\u0103resc \u0219i-i ascult\u0103 muzica.<\/p>\n\n\n\n<p class=\"wp-block-paragraph\"><em><strong>\u201eNu m\u0103 \u00eentreba\u021bi nimic, doar asculta\u021bi. Eu fac muzic\u0103, nu \u0219tiu s\u0103 o comentez. Dac\u0103 v\u0103 \u00eentreba\u021bi de ce Pastila, pentru c\u0103 a\u0219a am considerat potrivit. Pastila\u2026 punct. F\u0103r\u0103 simbolisme. Poate c\u0103 \u00een mintea mea albumul se asociaz\u0103 cu o pastil\u0103\u2026\u00a0Exist\u0103 ceva bolnav \u00een pastil\u0103, dar exist\u0103 \u0219i vindecare. Dac\u0103 faci abuz, po\u021bi s\u0103 mori, dar dac\u0103 o iei c\u00e2nd trebuie \u0219i pentru ce trebuie, te vindec\u0103\u201d<\/strong>,<\/em>\u00a0a declarat Irina Rimes.\u00a0<\/p>\n\n\n\n<p class=\"wp-block-paragraph\">Grafica albumului a fost realizat\u0103 de Dimi \u0219i David (@dimitricaceaune &amp; @davidgal22), iar de partea de styling s-au ocupat Anda Cr\u0103p\u0103tureanu \u0219i Olivia Stoica.<\/p>\n\n\n\n<p class=\"wp-block-paragraph\">Pastila este o capsula care con\u021bine 10 st\u0103ri pline de profunzime \u0219i emo\u021bii, redate de Irina \u00een versuri \u0219i condimentate de Amuly, Bruja \u0219i Nane.<\/p>\n\n\n\n<p class=\"wp-block-paragraph\"><a href=\"https:\/\/www.unsitedemuzica.ro\/stiri\/Irina-Rimes-lanseaza-Pastila-primul-ei-album-trap-are-piese-cu-Amuly-Bruja-si-Nane-Nu-ma-intrebati-nimic-doar-ascultati-p10106\">UN SITE DE MUZICA<\/a><\/p>\n","protected":false},"excerpt":{"rendered":"<p>Irina Rimes prezint\u0103 primul ei album trap, care se lanseaz\u0103 ast\u0103zi pe Spotify, iar pe 1 iunie va fi lansat pe canalul de YouTube al artistei \u0219i \u00een toate magazinele digitale. Albumul con\u021bine 10 piese \u0219i colabor\u0103ri inedite cu\u00a0Amuly, Bruja \u0219i Nane. \u201eBag\u0103\u201d, \u201eCopilul pierdut\u201d, \u201eMic\u0103 \u0219i slab\u0103\u201d, \u201ePerfectul Imperfect\u201d, \u201ePerna ta\u201d, \u201eSinguri\u201d, \u201eSomn u\u0219or\u201d, [&hellip;]<\/p>\n","protected":false},"author":1,"featured_media":0,"comment_status":"closed","ping_status":"closed","sticky":false,"template":"","format":"standard","meta":{"_crdt_document":"","footnotes":""},"categories":[4,3],"tags":[],"class_list":["post-2895","post","type-post","status-publish","format-standard","hentry","category-noutati","category-stars"],"_links":{"self":[{"href":"https:\/\/news-fm.ro\/index.php\/wp-json\/wp\/v2\/posts\/2895","targetHints":{"allow":["GET"]}}],"collection":[{"href":"https:\/\/news-fm.ro\/index.php\/wp-json\/wp\/v2\/posts"}],"about":[{"href":"https:\/\/news-fm.ro\/index.php\/wp-json\/wp\/v2\/types\/post"}],"author":[{"embeddable":true,"href":"https:\/\/news-fm.ro\/index.php\/wp-json\/wp\/v2\/users\/1"}],"replies":[{"embeddable":true,"href":"https:\/\/news-fm.ro\/index.php\/wp-json\/wp\/v2\/comments?post=2895"}],"version-history":[{"count":0,"href":"https:\/\/news-fm.ro\/index.php\/wp-json\/wp\/v2\/posts\/2895\/revisions"}],"wp:attachment":[{"href":"https:\/\/news-fm.ro\/index.php\/wp-json\/wp\/v2\/media?parent=2895"}],"wp:term":[{"taxonomy":"category","embeddable":true,"href":"https:\/\/news-fm.ro\/index.php\/wp-json\/wp\/v2\/categories?post=2895"},{"taxonomy":"post_tag","embeddable":true,"href":"https:\/\/news-fm.ro\/index.php\/wp-json\/wp\/v2\/tags?post=2895"}],"curies":[{"name":"wp","href":"https:\/\/api.w.org\/{rel}","templated":true}]}}