{"id":2890,"date":"2020-06-02T04:41:15","date_gmt":"2020-06-02T04:41:15","guid":{"rendered":"http:\/\/news-fm.ro\/?p=2890"},"modified":"2020-06-02T04:41:53","modified_gmt":"2020-06-02T04:41:53","slug":"cate-persoane-pot-participa-la-o-petrecere-dupa-1-iunie","status":"publish","type":"post","link":"https:\/\/news-fm.ro\/index.php\/2020\/06\/02\/cate-persoane-pot-participa-la-o-petrecere-dupa-1-iunie\/","title":{"rendered":"C\u00e2te persoane pot participa la o petrecere dup\u0103 1 iunie"},"content":{"rendered":"\n<figure class=\"wp-block-image size-large\"><img decoding=\"async\" src=\"https:\/\/news-fm.ro\/wp-content\/uploads\/2020\/05\/CONCERT-1024x539.jpg\" alt=\"\" class=\"wp-image-2888\"\/><\/figure>\n\n\n\n<p class=\"wp-block-paragraph\">Avem parte de mai multe relax\u0103ri dup\u0103 1 iunie, printre care redeschiderea teraselor \u0219i posibilitatea de a merge la spectacole \u00een aer liber, dar cum r\u0103m\u00e2ne cu petrecerile? C\u00e2te persoane pot participa la astfel de adun\u0103ri private?<\/p>\n\n\n\n<p class=\"wp-block-paragraph\">Ministrul Internelor, Marcel Vela, a l\u0103murit situa\u021bia. Astfel, \u0219i dup\u0103 relax\u0103rile care vor intra \u00een vigoare de luni, la petrecerile private care se desf\u0103\u0219oar\u0103 \u00een aer liber pot participa cel mult 16 persoane, iar dac\u0103 petrecerea este organizat\u0103 \u00eentr-un apartament pot participa maximum 8 persoane.\u00a0<\/p>\n\n\n\n<p class=\"wp-block-paragraph\">Cu alte cuvinte, cel pu\u021bin pentru petrecerile din apartament, po\u021bi s\u0103 vezi cu cei mai apropia\u021bi prieteni, iar dac\u0103 \u021bii mor\u021bi\u0219 s\u0103 ie\u0219i afar\u0103 po\u021bi s\u0103 te vezi cu maxim al\u021bi 15 indivizi.\u00a0<\/p>\n\n\n\n<p class=\"wp-block-paragraph\"><strong>\u201eCa \u0219i \u00eenainte, la petrecerile private \u00een aer liber pot participa 16 persoane, iar \u00een spa\u021bii \u00eenchise, de exemplu \u00eentr-un apartament, maxim 8. Acuma a r\u0103mas aceea\u0219i regul\u0103 \u0219i dup\u0103 15 iunie, pentru c\u0103 nu s-a internvenit pe zona de petreceri private\u201d<\/strong>,\u00a0a declarat ministrul Internelor.\u00a0<\/p>\n\n\n\n<p class=\"wp-block-paragraph\">Marcel Vela a precizat c\u0103 dup\u0103 data de 15 iunie autorit\u0103\u021bile vor discuta cu speciali\u0219tii \u0219i vor decide \u00een ce va consta urm\u0103torul val de relax\u0103ri.<\/p>\n\n\n\n<p class=\"wp-block-paragraph\">Reamintim c\u0103 de luni, 1 iunie, vor fi deschise terasele \u0219i plajele, iar pentru ie\u0219irea din localit\u0103\u021bi nu va mai fi nevoie de declara\u021bia pe propria r\u0103spundere.<\/p>\n\n\n\n<p class=\"wp-block-paragraph\"><a href=\"https:\/\/www.unsitedemuzica.ro\/stiri\/Cate-persoane-pot-participa-la-o-petrecere-dupa-1-iunie-p10114\">UN SITE DE MUZICA<\/a><\/p>\n","protected":false},"excerpt":{"rendered":"<p>Avem parte de mai multe relax\u0103ri dup\u0103 1 iunie, printre care redeschiderea teraselor \u0219i posibilitatea de a merge la spectacole \u00een aer liber, dar cum r\u0103m\u00e2ne cu petrecerile? C\u00e2te persoane pot participa la astfel de adun\u0103ri private? Ministrul Internelor, Marcel Vela, a l\u0103murit situa\u021bia. Astfel, \u0219i dup\u0103 relax\u0103rile care vor intra \u00een vigoare de luni, [&hellip;]<\/p>\n","protected":false},"author":1,"featured_media":0,"comment_status":"closed","ping_status":"closed","sticky":false,"template":"","format":"standard","meta":{"_crdt_document":"","footnotes":""},"categories":[1],"tags":[],"class_list":["post-2890","post","type-post","status-publish","format-standard","hentry","category-diverse"],"_links":{"self":[{"href":"https:\/\/news-fm.ro\/index.php\/wp-json\/wp\/v2\/posts\/2890","targetHints":{"allow":["GET"]}}],"collection":[{"href":"https:\/\/news-fm.ro\/index.php\/wp-json\/wp\/v2\/posts"}],"about":[{"href":"https:\/\/news-fm.ro\/index.php\/wp-json\/wp\/v2\/types\/post"}],"author":[{"embeddable":true,"href":"https:\/\/news-fm.ro\/index.php\/wp-json\/wp\/v2\/users\/1"}],"replies":[{"embeddable":true,"href":"https:\/\/news-fm.ro\/index.php\/wp-json\/wp\/v2\/comments?post=2890"}],"version-history":[{"count":0,"href":"https:\/\/news-fm.ro\/index.php\/wp-json\/wp\/v2\/posts\/2890\/revisions"}],"wp:attachment":[{"href":"https:\/\/news-fm.ro\/index.php\/wp-json\/wp\/v2\/media?parent=2890"}],"wp:term":[{"taxonomy":"category","embeddable":true,"href":"https:\/\/news-fm.ro\/index.php\/wp-json\/wp\/v2\/categories?post=2890"},{"taxonomy":"post_tag","embeddable":true,"href":"https:\/\/news-fm.ro\/index.php\/wp-json\/wp\/v2\/tags?post=2890"}],"curies":[{"name":"wp","href":"https:\/\/api.w.org\/{rel}","templated":true}]}}