{"id":2887,"date":"2020-05-29T04:27:57","date_gmt":"2020-05-29T04:27:57","guid":{"rendered":"http:\/\/news-fm.ro\/?p=2887"},"modified":"2020-05-29T04:28:02","modified_gmt":"2020-05-29T04:28:02","slug":"relaxari-dupa-1-iunie-se-pot-tine-spectacole-in-aer-liber-dar-cu-numar-limitat-de-persoane","status":"publish","type":"post","link":"https:\/\/news-fm.ro\/index.php\/2020\/05\/29\/relaxari-dupa-1-iunie-se-pot-tine-spectacole-in-aer-liber-dar-cu-numar-limitat-de-persoane\/","title":{"rendered":"Relax\u0103ri dup\u0103 1 iunie: se pot \u0163ine spectacole \u00een aer liber, dar cu num\u0103r limitat de persoane"},"content":{"rendered":"\n<figure class=\"wp-block-image size-large\"><img decoding=\"async\" src=\"https:\/\/news-fm.ro\/wp-content\/uploads\/2020\/05\/CONCERT-1024x539.jpg\" alt=\"\" class=\"wp-image-2888\"\/><\/figure>\n\n\n\n<p class=\"wp-block-paragraph\">Pre\u0219edintele Klaus Iohannis a anun\u021b o nou\u0103 serie de m\u0103suri de relaxare care intr\u0103 \u00een vigoare de la 1 iunie. Una dintre ele, care ne preocup\u0103 \u00een mod particular, are leg\u0103tur\u0103 \u0219i cu spectacolele &#8211; fie ele de teatru, de film sau de muzic\u0103 &#8211; care implic\u0103 un num\u0103r mare de persoane.<\/p>\n\n\n\n<p class=\"wp-block-paragraph\">Astfel, Pre\u0219edintele Rom\u00e2niei a declarat c\u0103\u00a0<strong>de la 1 iunie vor deveni posibile spectacolele \u00een aer liber cu un num\u0103r de p\u00e2n\u0103 la 500 de specatatori, dar a\u0219eza\u021bi pe scaune \u00een func\u021bie de restric\u021bii \u0219i triaj epidemiologic.\u00a0<\/strong><\/p>\n\n\n\n<h4 class=\"wp-block-heading\"><strong>Ce arat\u0103 aceste relax\u0103ri pentru viitorul festivalurilor de muzic\u0103<\/strong><\/h4>\n\n\n\n<p class=\"wp-block-paragraph\">Asta ne poate face o imagine de ansamblu pentru viitoarele spectacole, de orice natur\u0103, care urmeaz\u0103 s\u0103 aib\u0103 loc \u00een perioada urm\u0103toare.\u00a0<\/p>\n\n\n\n<p class=\"wp-block-paragraph\">Dac\u0103 aceast\u0103 regul\u0103 poate s\u0103 readuc\u0103 la normal felul \u00een care teatrele, de exemplu, \u00ee\u0219i pot desf\u0103\u0219ura activitatea, \u00een cazul festivalurilor de muzic\u0103 noua reglementare nu garanteaz\u0103 c\u0103 acestea pot avea loc vara asta, mai ales prin prisma num\u0103rului limitat de persoane care pot participa, dar \u0219i pentru c\u0103 exist\u0103 \u00een continuare reguli, cum ar fi distan\u021barea social\u0103, care trebuie respectate.<\/p>\n\n\n\n<p class=\"wp-block-paragraph\"><strong>Alte masuri de relaxare care intr\u0103 \u00een vigoare de la 1 iunie, potrivit declara\u021biilor lui Klaus Iohannis:<\/strong><\/p>\n\n\n\n<ul class=\"wp-block-list\"><li>Va fi reluat transportul interna\u021bional rutier \u0219i feroviar.<\/li><li>Astfel, de la 1 iunie se redeschid terasele. Este \u00eens\u0103 clar c\u0103 este nevoie de unele m\u0103suri foarte speciale \u0219i aceste vor fi comunicate. Mesele la 2 metri distan\u021b\u0103, maxim 4 persoane la o mas\u0103 \u0219i \u00een acest fel lucrurile vor fi sub control.<\/li><li>De la 1 iunie se va putea merge la plaj\u0103, dar \u0219i aici e nevoie de p\u0103strarea distan\u021bei de 2 metri \u00eentre scaunele de plaj\u0103.<\/li><li>Deplas\u0103rile \u00een afara localit\u0103\u021bii, de la 1 iunie vor fi libere. Nu va mai fi nevoie de declara\u021bie. \u00cen ce prive\u0219te competi\u021biile sportive, se vor putea relua competi\u021biile sportive \u00eencep\u00e2nd din 1 iunie dar pentru sporturile care se practic\u0103 afar\u0103.<\/li><\/ul>\n\n\n\n<p class=\"wp-block-paragraph\"><a href=\"https:\/\/www.unsitedemuzica.ro\/stiri\/Relaxari-dupa-1-iunie-se-pot-tine-spectacole-in-aer-liber-dar-cu-numar-limitat-de-persoane-p10099\">UN SITE DE MUZICA<\/a><\/p>\n","protected":false},"excerpt":{"rendered":"<p>Pre\u0219edintele Klaus Iohannis a anun\u021b o nou\u0103 serie de m\u0103suri de relaxare care intr\u0103 \u00een vigoare de la 1 iunie. Una dintre ele, care ne preocup\u0103 \u00een mod particular, are leg\u0103tur\u0103 \u0219i cu spectacolele &#8211; fie ele de teatru, de film sau de muzic\u0103 &#8211; care implic\u0103 un num\u0103r mare de persoane. Astfel, Pre\u0219edintele Rom\u00e2niei [&hellip;]<\/p>\n","protected":false},"author":1,"featured_media":0,"comment_status":"closed","ping_status":"closed","sticky":false,"template":"","format":"standard","meta":{"_crdt_document":"","footnotes":""},"categories":[1],"tags":[],"class_list":["post-2887","post","type-post","status-publish","format-standard","hentry","category-diverse"],"_links":{"self":[{"href":"https:\/\/news-fm.ro\/index.php\/wp-json\/wp\/v2\/posts\/2887","targetHints":{"allow":["GET"]}}],"collection":[{"href":"https:\/\/news-fm.ro\/index.php\/wp-json\/wp\/v2\/posts"}],"about":[{"href":"https:\/\/news-fm.ro\/index.php\/wp-json\/wp\/v2\/types\/post"}],"author":[{"embeddable":true,"href":"https:\/\/news-fm.ro\/index.php\/wp-json\/wp\/v2\/users\/1"}],"replies":[{"embeddable":true,"href":"https:\/\/news-fm.ro\/index.php\/wp-json\/wp\/v2\/comments?post=2887"}],"version-history":[{"count":0,"href":"https:\/\/news-fm.ro\/index.php\/wp-json\/wp\/v2\/posts\/2887\/revisions"}],"wp:attachment":[{"href":"https:\/\/news-fm.ro\/index.php\/wp-json\/wp\/v2\/media?parent=2887"}],"wp:term":[{"taxonomy":"category","embeddable":true,"href":"https:\/\/news-fm.ro\/index.php\/wp-json\/wp\/v2\/categories?post=2887"},{"taxonomy":"post_tag","embeddable":true,"href":"https:\/\/news-fm.ro\/index.php\/wp-json\/wp\/v2\/tags?post=2887"}],"curies":[{"name":"wp","href":"https:\/\/api.w.org\/{rel}","templated":true}]}}