{"id":2881,"date":"2020-05-29T04:16:51","date_gmt":"2020-05-29T04:16:51","guid":{"rendered":"http:\/\/news-fm.ro\/?p=2881"},"modified":"2020-05-29T04:17:20","modified_gmt":"2020-05-29T04:17:20","slug":"videoclip-oficial-liviu-teodorescu-feat-antonio-pican-ma-ia-cu-inima","status":"publish","type":"post","link":"https:\/\/news-fm.ro\/index.php\/2020\/05\/29\/videoclip-oficial-liviu-teodorescu-feat-antonio-pican-ma-ia-cu-inima\/","title":{"rendered":"Videoclip oficial: Liviu Teodorescu feat. Antonio Pican &#8211; M\u0103 ia cu inima"},"content":{"rendered":"\n<figure class=\"wp-block-image size-large\"><img decoding=\"async\" src=\"https:\/\/news-fm.ro\/wp-content\/uploads\/2019\/04\/liviu-teodorescu-parasit-de-iubita-chiar-de-ziua-indragostitilor-508172.jpg\" alt=\"\" class=\"wp-image-1279\"\/><\/figure>\n\n\n\n<p class=\"wp-block-paragraph\">Liviu Teodorescu face echip\u0103 cu Antonio Pican \u0219i lanseaz\u0103 piesa cu videoclip &#8220;Ma ia cu inima&#8221;. Noul single are un beat uptempo, perfect pentru playlistul unei petreceri.<\/p>\n\n\n\n<p class=\"wp-block-paragraph\">Videoclipul piesei &#8220;<strong>M\u0103 ia cu inima<\/strong>&#8221; a fost filmat \u00eentr-un decor instagramabil, construit de la zero, cu forme \u0219i culori magnetice, fiind regizat de Loyal Trip Cartel.<\/p>\n\n\n\n<p class=\"wp-block-paragraph\"><strong>&#8220;Piesa asta iese din tiparele muzicii cu care v-am obi\u0219nuit. Voi aborda mai des flow-ul \u0103sta R&amp;B \/ trap \u00een viitor, iubesc energia asta. Colaborarea cu Antonio Pican vine pe fondul unei perioade intense de lucru \u00een studio, \u00een care mi-a demonstrat c\u0103 e un mega talent. \u00ce\u0219i scrie muzica, are o voce foarte bun\u0103 \u0219i flow-urile astea de trap \u00eei sunt foarte la \u00eendem\u00e2n\u0103. Cred c\u0103 o s\u0103 mai auzi\u021bi numele lui&#8221;<\/strong>, declar\u0103\u00a0Liviu Teodorescu.<\/p>\n\n\n\n<p class=\"wp-block-paragraph\"><strong>Liviu Teodorescu\u00a0<\/strong>a cochetat \u00eenc\u0103 de mic cu teatrul, muzica, festivalurile \u0219i competi\u021biile muzicale, cele mai notabile performan\u021be publice, \u00een ultimii ani, fiind apari\u021biile sale \u00een serialul &#8220;Pariu cu via\u021ba&#8221; (Pro TV) \u0219i show-ul \u00a0TV\u00a0<strong>Vocea Rom\u00e2niei<\/strong>.<\/p>\n\n\n\n<figure class=\"wp-block-embed-youtube wp-block-embed is-type-video is-provider-youtube wp-embed-aspect-16-9 wp-has-aspect-ratio\"><div class=\"wp-block-embed__wrapper\">\n<iframe title=\"Liviu Teodorescu feat. Antonio Pican - Ma Ia Cu Inima | Official Video\" width=\"1140\" height=\"641\" src=\"https:\/\/www.youtube.com\/embed\/8beSt_GBj9o?feature=oembed\" frameborder=\"0\" allow=\"accelerometer; autoplay; clipboard-write; encrypted-media; gyroscope; picture-in-picture; web-share\" allowfullscreen><\/iframe>\n<\/div><\/figure>\n\n\n\n<p class=\"wp-block-paragraph\"><a href=\"https:\/\/www.infomusic.ro\/videoclip\/liviu-teodorescu-feat-antonio-pican-ma-ia-cu-inima\/\">INFO MUSIC<\/a><\/p>\n","protected":false},"excerpt":{"rendered":"<p>Liviu Teodorescu face echip\u0103 cu Antonio Pican \u0219i lanseaz\u0103 piesa cu videoclip &#8220;Ma ia cu inima&#8221;. Noul single are un beat uptempo, perfect pentru playlistul unei petreceri. Videoclipul piesei &#8220;M\u0103 ia cu inima&#8221; a fost filmat \u00eentr-un decor instagramabil, construit de la zero, cu forme \u0219i culori magnetice, fiind regizat de Loyal Trip Cartel. &#8220;Piesa [&hellip;]<\/p>\n","protected":false},"author":1,"featured_media":0,"comment_status":"closed","ping_status":"closed","sticky":false,"template":"","format":"standard","meta":{"_crdt_document":"","footnotes":""},"categories":[4,3],"tags":[],"class_list":["post-2881","post","type-post","status-publish","format-standard","hentry","category-noutati","category-stars"],"_links":{"self":[{"href":"https:\/\/news-fm.ro\/index.php\/wp-json\/wp\/v2\/posts\/2881","targetHints":{"allow":["GET"]}}],"collection":[{"href":"https:\/\/news-fm.ro\/index.php\/wp-json\/wp\/v2\/posts"}],"about":[{"href":"https:\/\/news-fm.ro\/index.php\/wp-json\/wp\/v2\/types\/post"}],"author":[{"embeddable":true,"href":"https:\/\/news-fm.ro\/index.php\/wp-json\/wp\/v2\/users\/1"}],"replies":[{"embeddable":true,"href":"https:\/\/news-fm.ro\/index.php\/wp-json\/wp\/v2\/comments?post=2881"}],"version-history":[{"count":0,"href":"https:\/\/news-fm.ro\/index.php\/wp-json\/wp\/v2\/posts\/2881\/revisions"}],"wp:attachment":[{"href":"https:\/\/news-fm.ro\/index.php\/wp-json\/wp\/v2\/media?parent=2881"}],"wp:term":[{"taxonomy":"category","embeddable":true,"href":"https:\/\/news-fm.ro\/index.php\/wp-json\/wp\/v2\/categories?post=2881"},{"taxonomy":"post_tag","embeddable":true,"href":"https:\/\/news-fm.ro\/index.php\/wp-json\/wp\/v2\/tags?post=2881"}],"curies":[{"name":"wp","href":"https:\/\/api.w.org\/{rel}","templated":true}]}}