{"id":2879,"date":"2020-05-29T04:09:10","date_gmt":"2020-05-29T04:09:10","guid":{"rendered":"http:\/\/news-fm.ro\/?p=2879"},"modified":"2020-05-29T04:09:17","modified_gmt":"2020-05-29T04:09:17","slug":"sondaj-la-nivel-european-82-din-cei-care-merg-la-festivaluri-ar-lua-parte-la-un-eveniment-live-pana-la-sfarsitul-anului","status":"publish","type":"post","link":"https:\/\/news-fm.ro\/index.php\/2020\/05\/29\/sondaj-la-nivel-european-82-din-cei-care-merg-la-festivaluri-ar-lua-parte-la-un-eveniment-live-pana-la-sfarsitul-anului\/","title":{"rendered":"Sondaj la nivel european &#8211; 82% din cei care merg la festivaluri ar lua parte la un eveniment live p\u00e2n\u0103 la sf\u00e2r\u015fitul anului"},"content":{"rendered":"\n<figure class=\"wp-block-image size-large\"><img decoding=\"async\" src=\"https:\/\/news-fm.ro\/wp-content\/uploads\/2020\/04\/untold-1.jpg\" alt=\"\" class=\"wp-image-2567\"\/><\/figure>\n\n\n\n<p class=\"wp-block-paragraph\">Un nou sondaj la nivel european a dezv\u0103luit faptul c\u0103 lumea e preg\u0103tit\u0103 s\u0103-\u0219i asume riscurile \u0219i s\u0103 ia parte la un eveniment live, concert sau festival, \u00een urm\u0103toarea perioad\u0103, chiar dac\u0103 pandemia de COVID-19 nu s-a sf\u00e2r\u0219it.<\/p>\n\n\n\n<p class=\"wp-block-paragraph\"><strong>82%<\/strong>\u00a0dintre cei chestiona\u021bi, ale\u0219i din r\u00e2ndurile celor care merg \u00een mod obi\u0219nuit la festivaluri, au r\u0103spuns c\u0103\u00a0<strong>s-ar sim\u021bi confortabili s\u0103 ia parte la un eveniment muzical live ce ar urma s\u0103 aib\u0103 loc p\u00e2n\u0103 la sf\u00e2r\u0219itul anului<\/strong>.<\/p>\n\n\n\n<p class=\"wp-block-paragraph\">Sondajul a fost comandat de platforma&nbsp;<a href=\"https:\/\/www.festicket.com\/\"><strong>Festicket<\/strong><\/a>&nbsp;\u0219i este foarte folositor, pentru c\u0103 \u00eei ajut\u0103 pe organizatorii de festivaluri din toat\u0103 Europa s\u0103 vad\u0103 dac\u0103 oamenii sunt preg\u0103ti\u021bi s\u0103 se \u00eentoarc\u0103 \u0219i s\u0103 fac\u0103 parte din publicul evenimentelor mari.<\/p>\n\n\n\n<p class=\"wp-block-paragraph\">\u00cens\u0103, acel 82% s-ar aplica, cel mai probabil, festivalurilor \u0219i concertelor care ar fi organizate \u00een toamn\u0103, \u00een cazul \u00een care num\u0103rul de infect\u0103ri cu COVID-19 continu\u0103 s\u0103 scad\u0103. Asta pentru c\u0103 doar\u00a0<strong>31%<\/strong>\u00a0din cei chestiona\u021bi au r\u0103spuns c\u0103\u00a0ar fi mai mult dec\u00e2t ferici\u021bi s\u0103 ia parte la un festival \/ concert\u00a0imediat dup\u0103 ridicarea restric\u021biilor.<\/p>\n\n\n\n<p class=\"wp-block-paragraph\">Doar&nbsp;<strong>11%<\/strong>&nbsp;au sus\u021binut c\u0103&nbsp;<strong>se vor \u00eentoarce la evenimentele muzicale live abia dup\u0103 ce va fi descoperit un vaccin<\/strong>.&nbsp;<\/p>\n\n\n\n<p class=\"wp-block-paragraph\">Sondajul celor de la Festicket mai arat\u0103 \u0219i c\u0103 83% din oameni ar prefera festivalurile de o zi \u00een locul celor care se \u00eentind pe mai multe zile. Pentru un&nbsp;<strong>festival ce s-ar \u00eentinde pe parcursul unui \u00eentreg weekend<\/strong>&nbsp;au optat&nbsp;<strong>68%<\/strong>&nbsp;dintre cei \u00eentreba\u021bi.<\/p>\n\n\n\n<p class=\"wp-block-paragraph\">Peste 75% dintre responden\u021bi au mai indicat \u0219i c\u0103 nu au nicio problem\u0103 \u00een a cump\u0103ra\u00a0bilete pentru festivaluri \u0219i concerte ce urmeaz\u0103 s\u0103 aib\u0103 loc \u00een 2021, dar 82% au sus\u021binut \u0219i c\u0103 pentru ei este esen\u021bial ca pe viitor s\u0103 existe o clauz\u0103 de returnare a banilor \u00een cazul \u00een care evenimentul e anulat.<\/p>\n\n\n\n<p class=\"wp-block-paragraph\"><a href=\"https:\/\/www.unsitedemuzica.ro\/stiri\/Sondaj-la-nivel-european-82-din-cei-care-merg-la-festivaluri-ar-lua-parte-la-un-eveniment-live-pana-la-sfarsitul-anului-p10093\">UN SITE DE MUZICA<\/a><\/p>\n","protected":false},"excerpt":{"rendered":"<p>Un nou sondaj la nivel european a dezv\u0103luit faptul c\u0103 lumea e preg\u0103tit\u0103 s\u0103-\u0219i asume riscurile \u0219i s\u0103 ia parte la un eveniment live, concert sau festival, \u00een urm\u0103toarea perioad\u0103, chiar dac\u0103 pandemia de COVID-19 nu s-a sf\u00e2r\u0219it. 82%\u00a0dintre cei chestiona\u021bi, ale\u0219i din r\u00e2ndurile celor care merg \u00een mod obi\u0219nuit la festivaluri, au r\u0103spuns c\u0103\u00a0s-ar [&hellip;]<\/p>\n","protected":false},"author":1,"featured_media":0,"comment_status":"closed","ping_status":"closed","sticky":false,"template":"","format":"standard","meta":{"_crdt_document":"","footnotes":""},"categories":[1],"tags":[],"class_list":["post-2879","post","type-post","status-publish","format-standard","hentry","category-diverse"],"_links":{"self":[{"href":"https:\/\/news-fm.ro\/index.php\/wp-json\/wp\/v2\/posts\/2879","targetHints":{"allow":["GET"]}}],"collection":[{"href":"https:\/\/news-fm.ro\/index.php\/wp-json\/wp\/v2\/posts"}],"about":[{"href":"https:\/\/news-fm.ro\/index.php\/wp-json\/wp\/v2\/types\/post"}],"author":[{"embeddable":true,"href":"https:\/\/news-fm.ro\/index.php\/wp-json\/wp\/v2\/users\/1"}],"replies":[{"embeddable":true,"href":"https:\/\/news-fm.ro\/index.php\/wp-json\/wp\/v2\/comments?post=2879"}],"version-history":[{"count":0,"href":"https:\/\/news-fm.ro\/index.php\/wp-json\/wp\/v2\/posts\/2879\/revisions"}],"wp:attachment":[{"href":"https:\/\/news-fm.ro\/index.php\/wp-json\/wp\/v2\/media?parent=2879"}],"wp:term":[{"taxonomy":"category","embeddable":true,"href":"https:\/\/news-fm.ro\/index.php\/wp-json\/wp\/v2\/categories?post=2879"},{"taxonomy":"post_tag","embeddable":true,"href":"https:\/\/news-fm.ro\/index.php\/wp-json\/wp\/v2\/tags?post=2879"}],"curies":[{"name":"wp","href":"https:\/\/api.w.org\/{rel}","templated":true}]}}