{"id":2876,"date":"2020-05-28T04:30:37","date_gmt":"2020-05-28T04:30:37","guid":{"rendered":"http:\/\/news-fm.ro\/?p=2876"},"modified":"2020-05-28T04:30:41","modified_gmt":"2020-05-28T04:30:41","slug":"ce-se-intampla-cu-finala-romanii-au-talent-juriul-sta-acasa-finalistii-isi-prezinta-numerele-tot-de-acasa","status":"publish","type":"post","link":"https:\/\/news-fm.ro\/index.php\/2020\/05\/28\/ce-se-intampla-cu-finala-romanii-au-talent-juriul-sta-acasa-finalistii-isi-prezinta-numerele-tot-de-acasa\/","title":{"rendered":"Ce se \u00eent\u00e2mpl\u0103 cu finala Rom\u00e2nii au talent: juriul st\u0103 acas\u0103, finali\u015ftii \u00ee\u015fi prezint\u0103 numerele tot de acas\u0103"},"content":{"rendered":"\n<figure class=\"wp-block-image size-large\"><img decoding=\"async\" src=\"https:\/\/news-fm.ro\/wp-content\/uploads\/2020\/05\/im_80d373c0f889e4d07592b77b7278b9ab-1024x682.jpg\" alt=\"\" class=\"wp-image-2877\"\/><\/figure>\n\n\n\n<p class=\"wp-block-paragraph\">Restric\u021biile impuse de pandemia de coronavirus au afectat \u0219i felul \u00een care show-urile live de televiziune ar trebui s\u0103 se desf\u0103\u0219oare.<\/p>\n\n\n\n<p class=\"wp-block-paragraph\">Asta se \u00eent\u00e2mpl\u0103 \u0219i \u00een cazul Rom\u00e2nii au talent,\u00a0show care a suferit schimb\u0103ri majore\u00a0pentru ultimele sale edi\u021bii din sezonul 10.\u00a0<\/p>\n\n\n\n<p class=\"wp-block-paragraph\">Rom\u00e2nii au talent 2020 nu a mai avut parte de o semifinal\u0103, ci de o edi\u021bie special\u0103 cu unele dintre ele mai originale momente ale sezonului care au concurat pentru Premiul de originalitate. C\u00e2\u0219tig\u0103torul va fi anun\u021bat \u00een finala Rom\u00e2nii au talent. El va fi decis prin voturile acordate de public.&nbsp;<\/p>\n\n\n\n<p class=\"wp-block-paragraph\">A\u0219a c\u0103, cei 22 de concuren\u021bi care se lupt\u0103 pentru Premiul de originalitate pot fi vota\u021bi pe site-ul romaniiautalent.protv.ro, c\u00e2t \u0219i prin sms la num\u0103rul 1264, unde limita de voturi este de 10 mesaje\/concurent.&nbsp;<\/p>\n\n\n\n<h4 class=\"wp-block-heading\"><strong>Finala Rom\u00e2nii au talent 2020: schimb\u0103ri \u0219i premiere<\/strong><\/h4>\n\n\n\n<p class=\"wp-block-paragraph\">Acum, finala Rom\u00e2nii au talent 2020 a suferit \u0219i ea modific\u0103ri. Distan\u021barea social\u0103 a f\u0103cut ca anul acesta niciunul dintre membrii juriului s\u0103 nu fie la aceea\u0219i mas\u0103. Astfel, Andi Moisescu, Mihai Petre, Andra \u0219i Florin C\u0103linescu vor juriza numerele finali\u0219tilor, adic\u0103 a celor care au primit Golden Buzz \u00een preselec\u021bii, din propriile lor case. Nici concuren\u021bii nu vor fi prezen\u021bi \u00een platoul emisiunii, ei \u00ee\u0219i vor prezenta numerele pentru finala Rom\u00e2nii au talent din propriile case. La fel, Smiley \u0219i Pavel Barto\u0219 vor prezenta finala Rom\u00e2nii au talent tot de acas\u0103.&nbsp;<\/p>\n\n\n\n<figure class=\"wp-block-image\"><img decoding=\"async\" src=\"http:\/\/api.unsitedemuzica.ro\/no-cache\/uploaded\/2020\/05\/27\/pavel_barto_smiley.jpg\" alt=\"\"\/><\/figure>\n\n\n\n<p class=\"wp-block-paragraph\">Asta impune \u0219i anumite provoc\u0103ri, dar stabile\u0219te \u0219i un precedent. <strong>\u201eDin punct de vedere tehnic, va fi nebunie. Imagina\u021bi-v\u0103 c\u0103 la un moment dat, c\u00e2nd va \u00eencepe votarea sau la anun\u021barea rezultatelor, pe ecran vor fi mai multe imagini cu cei 10 concuren\u021bi, jura\u021bii, prezentatorii. Va fi o provocare, ceva nou, original, surprinz\u0103tor\u201d<\/strong>, au declarat surse din Pro TV pentru\u00a0<strong>Click!<\/strong>.<\/p>\n\n\n\n<h4 class=\"wp-block-heading\"><strong>Locurile 2 \u0219i 3 primesc premii \u00een bani<\/strong><\/h4>\n\n\n\n<p class=\"wp-block-paragraph\">O alt\u0103 premier\u0103 pentru final\u0103 const\u0103 \u00een faptul c\u0103 acei concuren\u021bi care se vor clasa pe locurile 2 \u0219i 3 vor primi \u0219i ei premii \u00een bani.<\/p>\n\n\n\n<p class=\"wp-block-paragraph\">Astfel, c\u00e2\u0219tig\u0103torul Rom\u00e2nii au talent 2020 va primi un premiu de 120.000 de euro, concurentul de pe locul al doilea va primi 20.000 de euro, iar cel de pe locul trei un premiu de 10.000 de euro.<\/p>\n\n\n\n<p class=\"wp-block-paragraph\"><a href=\"https:\/\/www.unsitedemuzica.ro\/stiri\/Ce-se-intampla-cu-finala-Romanii-au-talent-juriul-sta-acasa-finalistii-isi-prezinta-numerele-tot-de-acasa-p10085\">UN SITE DE MUZICA<\/a><\/p>\n","protected":false},"excerpt":{"rendered":"<p>Restric\u021biile impuse de pandemia de coronavirus au afectat \u0219i felul \u00een care show-urile live de televiziune ar trebui s\u0103 se desf\u0103\u0219oare. Asta se \u00eent\u00e2mpl\u0103 \u0219i \u00een cazul Rom\u00e2nii au talent,\u00a0show care a suferit schimb\u0103ri majore\u00a0pentru ultimele sale edi\u021bii din sezonul 10.\u00a0 Rom\u00e2nii au talent 2020 nu a mai avut parte de o semifinal\u0103, ci de [&hellip;]<\/p>\n","protected":false},"author":1,"featured_media":0,"comment_status":"closed","ping_status":"closed","sticky":false,"template":"","format":"standard","meta":{"_crdt_document":"","footnotes":""},"categories":[1],"tags":[],"class_list":["post-2876","post","type-post","status-publish","format-standard","hentry","category-diverse"],"_links":{"self":[{"href":"https:\/\/news-fm.ro\/index.php\/wp-json\/wp\/v2\/posts\/2876","targetHints":{"allow":["GET"]}}],"collection":[{"href":"https:\/\/news-fm.ro\/index.php\/wp-json\/wp\/v2\/posts"}],"about":[{"href":"https:\/\/news-fm.ro\/index.php\/wp-json\/wp\/v2\/types\/post"}],"author":[{"embeddable":true,"href":"https:\/\/news-fm.ro\/index.php\/wp-json\/wp\/v2\/users\/1"}],"replies":[{"embeddable":true,"href":"https:\/\/news-fm.ro\/index.php\/wp-json\/wp\/v2\/comments?post=2876"}],"version-history":[{"count":0,"href":"https:\/\/news-fm.ro\/index.php\/wp-json\/wp\/v2\/posts\/2876\/revisions"}],"wp:attachment":[{"href":"https:\/\/news-fm.ro\/index.php\/wp-json\/wp\/v2\/media?parent=2876"}],"wp:term":[{"taxonomy":"category","embeddable":true,"href":"https:\/\/news-fm.ro\/index.php\/wp-json\/wp\/v2\/categories?post=2876"},{"taxonomy":"post_tag","embeddable":true,"href":"https:\/\/news-fm.ro\/index.php\/wp-json\/wp\/v2\/tags?post=2876"}],"curies":[{"name":"wp","href":"https:\/\/api.w.org\/{rel}","templated":true}]}}