{"id":2872,"date":"2020-05-28T04:26:50","date_gmt":"2020-05-28T04:26:50","guid":{"rendered":"http:\/\/news-fm.ro\/?p=2872"},"modified":"2020-05-28T04:26:56","modified_gmt":"2020-05-28T04:26:56","slug":"andrea-bocelli-a-fost-infectat-cu-covid-19-in-martie","status":"publish","type":"post","link":"https:\/\/news-fm.ro\/index.php\/2020\/05\/28\/andrea-bocelli-a-fost-infectat-cu-covid-19-in-martie\/","title":{"rendered":"Andrea Bocelli a fost infectat cu COVID-19 \u00een martie"},"content":{"rendered":"\n<figure class=\"wp-block-image size-large\"><img decoding=\"async\" src=\"https:\/\/news-fm.ro\/wp-content\/uploads\/2020\/05\/andrea-bocelli.jpg\" alt=\"\" class=\"wp-image-2873\"\/><\/figure>\n\n\n\n<p class=\"wp-block-paragraph\">Andrea Bocelli (61 de ani), sotia sa,&nbsp;Veronica Berti (36 de ani), dar \u0219i al\u021bi membri ai familiei lor au fost infecta\u021bi cu COVID-19 \u00een martie. Andrea \u0219i Veronica au f\u0103cut m\u0103rturisirile mar\u021bi \u00een fa\u021ba spitalului universitar din Pisa, unde s-au prezentat pentru a dona plasm\u0103.&nbsp;<\/p>\n\n\n\n<p class=\"wp-block-paragraph\">Bocelli a f\u0103cut testul de coronavirus \u00een 10 martie \u0219i a ie\u0219it pozitiv. Artistul a explicat c\u0103 a avut febr\u0103 u\u0219oar\u0103, \u00een rest niciun alt simptom.<\/p>\n\n\n\n<p class=\"wp-block-paragraph\">&#8216;<strong>Pandemia care a zguduit \u00eentreaga lume ne-a afectat, de asemenea, \u0219i pe mine \u0219i pe c\u00e2\u021biva membri ai familiei mele. Din respect pentru cei care au avut forme grele ale bolii, cu consecin\u021be serioase, am decis s\u0103 nu fac aceast diagnostic public. De asemenea, nu am vrut s\u0103-mi alarmez fanii \u0219i am dorit \u00een acela\u0219i timp s\u0103 protejez intimitatea familiei mele&#8217;<\/strong>,\u00a0a declarat ulterior tenorul la Good Morning America.<\/p>\n\n\n\n<p class=\"wp-block-paragraph\"><strong>&#8216;Av\u00e2nd posibilitatea de a dona s\u00e2nge pentru a ajuta la g\u0103sirea unui vaccin pentru COVID, r\u0103spunsul meu a fost imediat DA. Un gest modest, dar important &#8211; prin care imi aduc o mic\u0103 contribu\u021bie&#8217;<\/strong>, a ad\u0103ugat el.<\/p>\n\n\n\n<p class=\"wp-block-paragraph\">Starul italian a sus\u021binut de Pa\u0219te un concert emo\u021bionant \u00een fa\u021ba Domului din Milano, \u00een fa\u021ba unui ora\u0219 gol, aflat \u00een carantin\u0103. A fost cel mai mare eveniment de muzic\u0103 clasic\u0103 transmis live pe YouTube. Concertul Music For Hope a dobor\u00e2t recorduri mondiale, cu peste 40 de milioane de oameni care au urm\u0103rit cele 30 de minute cu Andrea Bocelli.<\/p>\n\n\n\n<p class=\"wp-block-paragraph\"><a href=\"https:\/\/www.profm.ro\/stiri\/entertainment\/celebri\/andrea-bocelli-a-avut-coronavirus-dezvaluirile-tenorului-la-iesirea-din-spitalul-din-pisa-unde-a-donat-plasma-104005\">profm<\/a><\/p>\n","protected":false},"excerpt":{"rendered":"<p>Andrea Bocelli (61 de ani), sotia sa,&nbsp;Veronica Berti (36 de ani), dar \u0219i al\u021bi membri ai familiei lor au fost infecta\u021bi cu COVID-19 \u00een martie. Andrea \u0219i Veronica au f\u0103cut m\u0103rturisirile mar\u021bi \u00een fa\u021ba spitalului universitar din Pisa, unde s-au prezentat pentru a dona plasm\u0103.&nbsp; Bocelli a f\u0103cut testul de coronavirus \u00een 10 martie \u0219i [&hellip;]<\/p>\n","protected":false},"author":1,"featured_media":0,"comment_status":"closed","ping_status":"closed","sticky":false,"template":"","format":"standard","meta":{"_crdt_document":"","footnotes":""},"categories":[3],"tags":[],"class_list":["post-2872","post","type-post","status-publish","format-standard","hentry","category-stars"],"_links":{"self":[{"href":"https:\/\/news-fm.ro\/index.php\/wp-json\/wp\/v2\/posts\/2872","targetHints":{"allow":["GET"]}}],"collection":[{"href":"https:\/\/news-fm.ro\/index.php\/wp-json\/wp\/v2\/posts"}],"about":[{"href":"https:\/\/news-fm.ro\/index.php\/wp-json\/wp\/v2\/types\/post"}],"author":[{"embeddable":true,"href":"https:\/\/news-fm.ro\/index.php\/wp-json\/wp\/v2\/users\/1"}],"replies":[{"embeddable":true,"href":"https:\/\/news-fm.ro\/index.php\/wp-json\/wp\/v2\/comments?post=2872"}],"version-history":[{"count":0,"href":"https:\/\/news-fm.ro\/index.php\/wp-json\/wp\/v2\/posts\/2872\/revisions"}],"wp:attachment":[{"href":"https:\/\/news-fm.ro\/index.php\/wp-json\/wp\/v2\/media?parent=2872"}],"wp:term":[{"taxonomy":"category","embeddable":true,"href":"https:\/\/news-fm.ro\/index.php\/wp-json\/wp\/v2\/categories?post=2872"},{"taxonomy":"post_tag","embeddable":true,"href":"https:\/\/news-fm.ro\/index.php\/wp-json\/wp\/v2\/tags?post=2872"}],"curies":[{"name":"wp","href":"https:\/\/api.w.org\/{rel}","templated":true}]}}