{"id":2869,"date":"2020-05-28T04:21:12","date_gmt":"2020-05-28T04:21:12","guid":{"rendered":"http:\/\/news-fm.ro\/?p=2869"},"modified":"2020-05-28T04:21:19","modified_gmt":"2020-05-28T04:21:19","slug":"stefan-banica-senior-omagiat-la-25-de-ani-de-la-moartea-sa-m-a-influentat-in-alegerea-profesiei","status":"publish","type":"post","link":"https:\/\/news-fm.ro\/index.php\/2020\/05\/28\/stefan-banica-senior-omagiat-la-25-de-ani-de-la-moartea-sa-m-a-influentat-in-alegerea-profesiei\/","title":{"rendered":"\u0218tefan B\u0103nic\u0103 Senior, omagiat la 25 de ani de la moartea sa. \u201eM-a influen\u021bat \u00een alegerea profesiei\u201d"},"content":{"rendered":"\n<figure class=\"wp-block-image size-large\"><img decoding=\"async\" src=\"https:\/\/news-fm.ro\/wp-content\/uploads\/2020\/05\/stefan-banica-sr-798x1024-1.jpg\" alt=\"\" class=\"wp-image-2870\"\/><\/figure>\n\n\n\n<p class=\"wp-block-paragraph\">Miercuri, 27 mai, se \u00eemplinesc 25 de ani de la dispari\u021bia marelui artist \u0218tefan B\u0103nic\u0103. Un actor \u0219i c\u00e2nt\u0103re\u021b cu o charism\u0103 unic\u0103, care a trecut proba timpului \u0219i, chiar dac\u0103 de 25 de ani nu mai este printre noi, publicul nu l-a uitat.<br>La 25 de ani de la plecarea sa, \u0218tefan\u00a0 B\u0103nic\u0103 va p\u0103trunde \u00een casele oamenilor \u00eenc\u0103 o dat\u0103 printr-o emisiune-omagiu conceput\u0103 \u0219i realizat\u0103 de fiul s\u0103u, \u0218tefan B\u0103nic\u0103 jr, la TVR \u00een 1995, emisiune dedicat\u0103 tat\u0103lui s\u0103u la doar o lun\u0103 de la plecarea sa.<br><\/p>\n\n\n\n<p class=\"wp-block-paragraph\">Emisiunea se numea <strong>\u201e De-a r\u00e2su, pl\u00e2nsu \u201d<\/strong>. Acest medalion \u0218tefan B\u0103nic\u0103 \u2013 \u201e De-a r\u00e2su, pl\u00e2nsu \u201d \u2013 va fi difuzat la TVR 2 pe 27 mai, ora 17:35, \u00eentr-o edi\u021bie special\u0103 a emisiunii <strong>\u201ePrim\u0103vara amintirilor\u201d.<\/strong> <\/p>\n\n\n\n<p class=\"wp-block-paragraph\"><strong>\u201eTat\u0103l meu a \u00eensemnat, pentru mine, un model. M-a influen\u021bat \u00een alegerea profesiei. Apoi am \u00eenv\u0103\u021bat \u0219i am \u201efurat\u201d, a\u0219a cum se spune \u00een meseria noastr\u0103, tot ce \u021bine de implicare, seriozitate, devotament, de timing, urm\u0103rindu-l cum joac\u0103. A fost un om vesel, cu dragoste imens\u0103 pentru oameni \u0219i pentru via\u021b\u0103. \u00cemi doresc ca prin acest material dedicat lui, pe care l-am realizat acum 25 de ani, dup\u0103 ce a plecat dintre noi, genera\u021biile noi s\u0103-l cunoasc\u0103 mai bine, iar ceilal\u021bi s\u0103 se bucure \u00eenc\u0103 o dat\u0103 v\u0103z\u00e2ndu-l \u0219i ascult\u00e2ndu-l\u201d<\/strong>, declar\u0103 \u0218tefan B\u0103nic\u0103 jr.<br><\/p>\n\n\n\n<figure class=\"wp-block-embed-youtube wp-block-embed is-type-video is-provider-youtube wp-embed-aspect-4-3 wp-has-aspect-ratio\"><div class=\"wp-block-embed__wrapper\">\n<iframe title=\"Stefan Banica Jr  - Cum am ajuns sa te iubesc\" width=\"1140\" height=\"855\" src=\"https:\/\/www.youtube.com\/embed\/fY7wjjRkjGE?feature=oembed\" frameborder=\"0\" allow=\"accelerometer; autoplay; clipboard-write; encrypted-media; gyroscope; picture-in-picture; web-share\" allowfullscreen><\/iframe>\n<\/div><\/figure>\n\n\n\n<p class=\"wp-block-paragraph\"><a href=\"https:\/\/www.libertatea.ro\/entertainment\/stefan-banica-senior-omagiat-la-25-de-ani-de-la-moartea-sa-3013384\">LIBERTATEA<\/a><\/p>\n","protected":false},"excerpt":{"rendered":"<p>Miercuri, 27 mai, se \u00eemplinesc 25 de ani de la dispari\u021bia marelui artist \u0218tefan B\u0103nic\u0103. Un actor \u0219i c\u00e2nt\u0103re\u021b cu o charism\u0103 unic\u0103, care a trecut proba timpului \u0219i, chiar dac\u0103 de 25 de ani nu mai este printre noi, publicul nu l-a uitat.La 25 de ani de la plecarea sa, \u0218tefan\u00a0 B\u0103nic\u0103 va p\u0103trunde [&hellip;]<\/p>\n","protected":false},"author":1,"featured_media":0,"comment_status":"closed","ping_status":"closed","sticky":false,"template":"","format":"standard","meta":{"_crdt_document":"","footnotes":""},"categories":[3],"tags":[],"class_list":["post-2869","post","type-post","status-publish","format-standard","hentry","category-stars"],"_links":{"self":[{"href":"https:\/\/news-fm.ro\/index.php\/wp-json\/wp\/v2\/posts\/2869","targetHints":{"allow":["GET"]}}],"collection":[{"href":"https:\/\/news-fm.ro\/index.php\/wp-json\/wp\/v2\/posts"}],"about":[{"href":"https:\/\/news-fm.ro\/index.php\/wp-json\/wp\/v2\/types\/post"}],"author":[{"embeddable":true,"href":"https:\/\/news-fm.ro\/index.php\/wp-json\/wp\/v2\/users\/1"}],"replies":[{"embeddable":true,"href":"https:\/\/news-fm.ro\/index.php\/wp-json\/wp\/v2\/comments?post=2869"}],"version-history":[{"count":0,"href":"https:\/\/news-fm.ro\/index.php\/wp-json\/wp\/v2\/posts\/2869\/revisions"}],"wp:attachment":[{"href":"https:\/\/news-fm.ro\/index.php\/wp-json\/wp\/v2\/media?parent=2869"}],"wp:term":[{"taxonomy":"category","embeddable":true,"href":"https:\/\/news-fm.ro\/index.php\/wp-json\/wp\/v2\/categories?post=2869"},{"taxonomy":"post_tag","embeddable":true,"href":"https:\/\/news-fm.ro\/index.php\/wp-json\/wp\/v2\/tags?post=2869"}],"curies":[{"name":"wp","href":"https:\/\/api.w.org\/{rel}","templated":true}]}}