{"id":2866,"date":"2020-05-28T04:15:50","date_gmt":"2020-05-28T04:15:50","guid":{"rendered":"http:\/\/news-fm.ro\/?p=2866"},"modified":"2020-05-28T04:15:56","modified_gmt":"2020-05-28T04:15:56","slug":"videoclip-oficial-andreea-balan-am-crezut-in-basme","status":"publish","type":"post","link":"https:\/\/news-fm.ro\/index.php\/2020\/05\/28\/videoclip-oficial-andreea-balan-am-crezut-in-basme\/","title":{"rendered":"Videoclip oficial: Andreea B\u0103lan &#8211; Am crezut \u00een basme"},"content":{"rendered":"\n<figure class=\"wp-block-image size-large\"><img decoding=\"async\" src=\"https:\/\/news-fm.ro\/wp-content\/uploads\/2020\/05\/andreeabalan-1024x576.jpg\" alt=\"\" class=\"wp-image-2867\"\/><\/figure>\n\n\n\n<p class=\"wp-block-paragraph\">Andreea B\u0103lan a lansat &#8220;Am crezut \u00een basme&#8221;, o pies\u0103 ce vine la c\u00e2teva luni de la desp\u0103r\u021birea de so\u021bul ei, George Burcea.<\/p>\n\n\n\n<p class=\"wp-block-paragraph\">Andreea \u0219i-a surprins fanii cu apari\u021biile din videoclip. Artista apare \u00eembr\u0103cat\u0103 \u0219i \u00een rochie de mireas\u0103.<\/p>\n\n\n\n<p class=\"wp-block-paragraph\"><strong>&#8220;Interesant\u0103 ideea de a folosi rochia de mireas\u0103&#8230;.cu at\u00e2t mai mult cu c\u00e2t pe ea erau scrise sentimentele \u0219i tr\u0103irile voastre din acel moment. O modalitate trist\u0103, dar inspirat\u0103 s\u0103 spui &#8220;punct \u0219i de la cap\u0103t&#8221;. Succes \u00een tot ce \u00ee\u021bi propui! &#x1f917;&#8221;<\/strong>, a scris unul dintre fanii c\u00e2nt\u0103re\u021bei, \u00een comentarii pe YouTube.<\/p>\n\n\n\n<p class=\"wp-block-paragraph\"><strong>&#8220;\u00cemi pare tare r\u0103u c\u0103 din nou ai avut parte de un sf\u00e2r\u0219it de poveste! Sincer am crezut \u00een voi at\u00e2t de mult \u00eenc\u00e2t credeam c\u0103 o s\u0103 r\u0103m\u00e2ne\u021bi \u00eempreun\u0103 pentru totdeauna! Fii puternic\u0103, Andreea, c\u0103 sigur ai sa g\u0103se\u0219ti fericirea!&#8221;<\/strong>, a comentat alticneva.<\/p>\n\n\n\n<p class=\"wp-block-paragraph\"><strong>&#8220;Frumoas\u0103 piesa, \u00eens\u0103 cred c\u0103 a fost foarte greu s\u0103 re\u00eembraci rochia de mireas\u0103, felicit\u0103ri!&#8221;.<\/strong><\/p>\n\n\n\n<p class=\"wp-block-paragraph\">Andreea \u0219i so\u021bul ei George Burcea s-au desp\u0103r\u021bit \u00een urm\u0103 cu c\u00e2teva luni. Cei doi au \u00eempreun\u0103 dou\u0103 feti\u021be: Clara \u0219i Ella.\u00a0<\/p>\n\n\n\n<figure class=\"wp-block-embed-youtube wp-block-embed is-type-video is-provider-youtube wp-embed-aspect-16-9 wp-has-aspect-ratio\"><div class=\"wp-block-embed__wrapper\">\n<iframe title=\"ANDREEA BALAN - Am crezut in basme | Official Video\" width=\"1140\" height=\"641\" src=\"https:\/\/www.youtube.com\/embed\/c5poAlO-Utk?feature=oembed\" frameborder=\"0\" allow=\"accelerometer; autoplay; clipboard-write; encrypted-media; gyroscope; picture-in-picture; web-share\" allowfullscreen><\/iframe>\n<\/div><\/figure>\n\n\n\n<p class=\"wp-block-paragraph\"><a href=\"https:\/\/www.profm.ro\/stiri\/news\/muzica\/andreea-balan-si-a-surprins-fanii-in-cel-mai-nou-clip-cum-s-a-lasat-filmata-dupa-despartirea-de-george-burcea-104020\">PROFM<\/a><\/p>\n","protected":false},"excerpt":{"rendered":"<p>Andreea B\u0103lan a lansat &#8220;Am crezut \u00een basme&#8221;, o pies\u0103 ce vine la c\u00e2teva luni de la desp\u0103r\u021birea de so\u021bul ei, George Burcea. Andreea \u0219i-a surprins fanii cu apari\u021biile din videoclip. Artista apare \u00eembr\u0103cat\u0103 \u0219i \u00een rochie de mireas\u0103. &#8220;Interesant\u0103 ideea de a folosi rochia de mireas\u0103&#8230;.cu at\u00e2t mai mult cu c\u00e2t pe ea erau [&hellip;]<\/p>\n","protected":false},"author":1,"featured_media":0,"comment_status":"closed","ping_status":"closed","sticky":false,"template":"","format":"standard","meta":{"_crdt_document":"","footnotes":""},"categories":[4,3],"tags":[],"class_list":["post-2866","post","type-post","status-publish","format-standard","hentry","category-noutati","category-stars"],"_links":{"self":[{"href":"https:\/\/news-fm.ro\/index.php\/wp-json\/wp\/v2\/posts\/2866","targetHints":{"allow":["GET"]}}],"collection":[{"href":"https:\/\/news-fm.ro\/index.php\/wp-json\/wp\/v2\/posts"}],"about":[{"href":"https:\/\/news-fm.ro\/index.php\/wp-json\/wp\/v2\/types\/post"}],"author":[{"embeddable":true,"href":"https:\/\/news-fm.ro\/index.php\/wp-json\/wp\/v2\/users\/1"}],"replies":[{"embeddable":true,"href":"https:\/\/news-fm.ro\/index.php\/wp-json\/wp\/v2\/comments?post=2866"}],"version-history":[{"count":0,"href":"https:\/\/news-fm.ro\/index.php\/wp-json\/wp\/v2\/posts\/2866\/revisions"}],"wp:attachment":[{"href":"https:\/\/news-fm.ro\/index.php\/wp-json\/wp\/v2\/media?parent=2866"}],"wp:term":[{"taxonomy":"category","embeddable":true,"href":"https:\/\/news-fm.ro\/index.php\/wp-json\/wp\/v2\/categories?post=2866"},{"taxonomy":"post_tag","embeddable":true,"href":"https:\/\/news-fm.ro\/index.php\/wp-json\/wp\/v2\/tags?post=2866"}],"curies":[{"name":"wp","href":"https:\/\/api.w.org\/{rel}","templated":true}]}}