{"id":2864,"date":"2020-05-28T04:07:37","date_gmt":"2020-05-28T04:07:37","guid":{"rendered":"http:\/\/news-fm.ro\/?p=2864"},"modified":"2020-05-28T04:07:42","modified_gmt":"2020-05-28T04:07:42","slug":"data-pana-la-care-ar-putea-fi-suspendate-festivalurile-ce-se-va-intampla-cu-concertele-in-aer-liber","status":"publish","type":"post","link":"https:\/\/news-fm.ro\/index.php\/2020\/05\/28\/data-pana-la-care-ar-putea-fi-suspendate-festivalurile-ce-se-va-intampla-cu-concertele-in-aer-liber\/","title":{"rendered":"Data p\u00e2n\u0103 la care ar putea fi suspendate festivalurile. Ce se va \u00eent\u00e2mpla cu concertele \u00een aer liber"},"content":{"rendered":"\n<figure class=\"wp-block-image size-large\"><img decoding=\"async\" src=\"https:\/\/news-fm.ro\/wp-content\/uploads\/2020\/04\/NEVERSEA.jpg\" alt=\"\" class=\"wp-image-2482\"\/><\/figure>\n\n\n\n<p class=\"wp-block-paragraph\">Concertele, piesele de teatru \u015fi proiec\u0163iile de film ar putea fi reluate de la 1 iunie. Cu condi\u0163ia s\u0103 fie organizate \u00een aer liber \u015fi cu un num\u0103r maxim de 500 de participan\u0163i, a declarat pentru&nbsp;<a href=\"https:\/\/stirileprotv.ro\/stiri\/social\/data-pana-la-care-ar-putea-fi-suspendate-festivalurile-ce-se-va-intampla-cu-concertele-in-aer-liber.html\" target=\"_blank\" rel=\"noreferrer noopener\">\u015etirile PRO TV,<\/a>&nbsp;ministrul Culturii, Bogdan Gheorghiu.<\/p>\n\n\n\n<p class=\"wp-block-paragraph\">El spune, \u00eens\u0103, c\u0103 o decizie final\u0103 nu poate fi luat\u0103 f\u0103r\u0103 acordul oficialilor din s\u0103n\u0103tate.<\/p>\n\n\n\n<p class=\"wp-block-paragraph\">Evenimentele culturale \u00een aer liber s-ar putea reg\u0103si pe lista m\u0103surilor de relaxare de la 1 iunie. Vorbim de concerte, piese de teatru, spectacole de oper\u0103 sau proiec\u0163ii de filme printre altele.<\/p>\n\n\n\n<p class=\"wp-block-paragraph\">Bogdan Gheorghiu, ministrul Culturii: Evenimente \u00een aer liber cu o participare de p\u00e2n\u0103 la 500 de persoane, aceast\u0103 cifr\u0103 de 500 de persoane vreau s\u0103 o lua\u0163i ca pe o cifr\u0103 estimativ\u0103, \u00eenc\u0103 nu este o cifr\u0103 clar stabilit\u0103 cu speciali\u015ftii epidemiologi<\/p>\n\n\n\n<p class=\"wp-block-paragraph\">Se lucreaz\u0103 la norme, astfel \u00eenc\u00e2t spectatorii s\u0103 respecte distan\u0163area fizic\u0103.<\/p>\n\n\n\n<p class=\"wp-block-paragraph\"><a href=\"https:\/\/www.ziaruldeiasi.ro\/stiri\/data-pana-la-care-ar-putea-fi-suspendate-festivalurile-ce-se-va-intampla-cu-concertele-in-aer-liber--253892.html\">ZIARUL DE IASI<\/a><\/p>\n","protected":false},"excerpt":{"rendered":"<p>Concertele, piesele de teatru \u015fi proiec\u0163iile de film ar putea fi reluate de la 1 iunie. Cu condi\u0163ia s\u0103 fie organizate \u00een aer liber \u015fi cu un num\u0103r maxim de 500 de participan\u0163i, a declarat pentru&nbsp;\u015etirile PRO TV,&nbsp;ministrul Culturii, Bogdan Gheorghiu. El spune, \u00eens\u0103, c\u0103 o decizie final\u0103 nu poate fi luat\u0103 f\u0103r\u0103 acordul oficialilor [&hellip;]<\/p>\n","protected":false},"author":1,"featured_media":0,"comment_status":"closed","ping_status":"closed","sticky":false,"template":"","format":"standard","meta":{"_crdt_document":"","footnotes":""},"categories":[1],"tags":[],"class_list":["post-2864","post","type-post","status-publish","format-standard","hentry","category-diverse"],"_links":{"self":[{"href":"https:\/\/news-fm.ro\/index.php\/wp-json\/wp\/v2\/posts\/2864","targetHints":{"allow":["GET"]}}],"collection":[{"href":"https:\/\/news-fm.ro\/index.php\/wp-json\/wp\/v2\/posts"}],"about":[{"href":"https:\/\/news-fm.ro\/index.php\/wp-json\/wp\/v2\/types\/post"}],"author":[{"embeddable":true,"href":"https:\/\/news-fm.ro\/index.php\/wp-json\/wp\/v2\/users\/1"}],"replies":[{"embeddable":true,"href":"https:\/\/news-fm.ro\/index.php\/wp-json\/wp\/v2\/comments?post=2864"}],"version-history":[{"count":0,"href":"https:\/\/news-fm.ro\/index.php\/wp-json\/wp\/v2\/posts\/2864\/revisions"}],"wp:attachment":[{"href":"https:\/\/news-fm.ro\/index.php\/wp-json\/wp\/v2\/media?parent=2864"}],"wp:term":[{"taxonomy":"category","embeddable":true,"href":"https:\/\/news-fm.ro\/index.php\/wp-json\/wp\/v2\/categories?post=2864"},{"taxonomy":"post_tag","embeddable":true,"href":"https:\/\/news-fm.ro\/index.php\/wp-json\/wp\/v2\/tags?post=2864"}],"curies":[{"name":"wp","href":"https:\/\/api.w.org\/{rel}","templated":true}]}}