{"id":2857,"date":"2020-05-27T04:27:03","date_gmt":"2020-05-27T04:27:03","guid":{"rendered":"http:\/\/news-fm.ro\/?p=2857"},"modified":"2020-05-27T04:27:09","modified_gmt":"2020-05-27T04:27:09","slug":"la-20-de-ani-de-la-hit-ul-stan-eminem-si-a-facut-public-numarul-de-telefon-pentru-fani","status":"publish","type":"post","link":"https:\/\/news-fm.ro\/index.php\/2020\/05\/27\/la-20-de-ani-de-la-hit-ul-stan-eminem-si-a-facut-public-numarul-de-telefon-pentru-fani\/","title":{"rendered":"La 20 de ani de la hit-ul \u201eStan\u201d, Eminem \u015fi-a f\u0103cut public num\u0103rul de telefon pentru fani"},"content":{"rendered":"\n<figure class=\"wp-block-image size-large\"><img decoding=\"async\" src=\"https:\/\/news-fm.ro\/wp-content\/uploads\/2020\/04\/eminem-coperta-godzilla-800x487-1.jpg\" alt=\"\" class=\"wp-image-2515\"\/><\/figure>\n\n\n\n<p class=\"wp-block-paragraph\">Rapperul american\u00a0<strong>Eminem<\/strong>\u00a0le-a oferit fanilor, \u00eentr-un mesaj publicat pe\u00a0Twitter, num\u0103rul s\u0103u de telefon.<\/p>\n\n\n\n<p class=\"wp-block-paragraph\">Al\u0103turi de un vers din hitul&nbsp;<strong>\u201cStan\u201d,<\/strong>&nbsp;colaborare cu britanica Dido, artistul \u2013 pe numele s\u0103u real&nbsp;<strong>Marshall Mathers<\/strong>&nbsp;\u2013 a scris c\u0103 a\u015fteapt\u0103 mesajele \u0219i \u00eentreb\u0103rile fanilor.<\/p>\n\n\n\n<p class=\"wp-block-paragraph\"><strong>\u201eScrie\u0163i-mi \u015fi v\u0103 r\u0103spund\u201d<\/strong>, a notat\u00a0Eminem, care a lansat o aplica\u0163ie prin care vrea s\u0103 \u021bin\u0103 leg\u0103tura cu admiratorii.<\/p>\n\n\n\n<p class=\"wp-block-paragraph\">Rapperul va g\u0103zdui miercuri, \u00een direct pe Spotify, o petrecere online la care va putea fi ascultat cel de-al treilea album al s\u0103u, intitulat The Marshall Mathers LP, unul dintre marile sale succese comerciale, de a c\u0103rui apari\u021bie se \u00eemplinesc dou\u0103 decenii.<\/p>\n\n\n\n<p class=\"wp-block-paragraph\"><a href=\"https:\/\/virginradio.ro\/la-20-de-ani-de-la-hit-ul-stan-eminem-si-a-facut-public-numarul-de-telefon-pentru-fani\/\">VIRGIN RADIO<\/a><\/p>\n","protected":false},"excerpt":{"rendered":"<p>Rapperul american\u00a0Eminem\u00a0le-a oferit fanilor, \u00eentr-un mesaj publicat pe\u00a0Twitter, num\u0103rul s\u0103u de telefon. Al\u0103turi de un vers din hitul&nbsp;\u201cStan\u201d,&nbsp;colaborare cu britanica Dido, artistul \u2013 pe numele s\u0103u real&nbsp;Marshall Mathers&nbsp;\u2013 a scris c\u0103 a\u015fteapt\u0103 mesajele \u0219i \u00eentreb\u0103rile fanilor. \u201eScrie\u0163i-mi \u015fi v\u0103 r\u0103spund\u201d, a notat\u00a0Eminem, care a lansat o aplica\u0163ie prin care vrea s\u0103 \u021bin\u0103 leg\u0103tura cu admiratorii. [&hellip;]<\/p>\n","protected":false},"author":1,"featured_media":0,"comment_status":"closed","ping_status":"closed","sticky":false,"template":"","format":"standard","meta":{"_crdt_document":"","footnotes":""},"categories":[3],"tags":[],"class_list":["post-2857","post","type-post","status-publish","format-standard","hentry","category-stars"],"_links":{"self":[{"href":"https:\/\/news-fm.ro\/index.php\/wp-json\/wp\/v2\/posts\/2857","targetHints":{"allow":["GET"]}}],"collection":[{"href":"https:\/\/news-fm.ro\/index.php\/wp-json\/wp\/v2\/posts"}],"about":[{"href":"https:\/\/news-fm.ro\/index.php\/wp-json\/wp\/v2\/types\/post"}],"author":[{"embeddable":true,"href":"https:\/\/news-fm.ro\/index.php\/wp-json\/wp\/v2\/users\/1"}],"replies":[{"embeddable":true,"href":"https:\/\/news-fm.ro\/index.php\/wp-json\/wp\/v2\/comments?post=2857"}],"version-history":[{"count":0,"href":"https:\/\/news-fm.ro\/index.php\/wp-json\/wp\/v2\/posts\/2857\/revisions"}],"wp:attachment":[{"href":"https:\/\/news-fm.ro\/index.php\/wp-json\/wp\/v2\/media?parent=2857"}],"wp:term":[{"taxonomy":"category","embeddable":true,"href":"https:\/\/news-fm.ro\/index.php\/wp-json\/wp\/v2\/categories?post=2857"},{"taxonomy":"post_tag","embeddable":true,"href":"https:\/\/news-fm.ro\/index.php\/wp-json\/wp\/v2\/tags?post=2857"}],"curies":[{"name":"wp","href":"https:\/\/api.w.org\/{rel}","templated":true}]}}