{"id":2848,"date":"2020-05-26T04:28:45","date_gmt":"2020-05-26T04:28:45","guid":{"rendered":"http:\/\/news-fm.ro\/?p=2848"},"modified":"2020-05-26T04:28:49","modified_gmt":"2020-05-26T04:28:49","slug":"lady-gaga-ofera-detalii-emotionante-despre-relatia-ei-cu-ariana-grande","status":"publish","type":"post","link":"https:\/\/news-fm.ro\/index.php\/2020\/05\/26\/lady-gaga-ofera-detalii-emotionante-despre-relatia-ei-cu-ariana-grande\/","title":{"rendered":"Lady Gaga ofer\u0103 detalii emo\u0163ionante despre rela\u0163ia ei cu Ariana Grande"},"content":{"rendered":"\n<figure class=\"wp-block-image size-large\"><img decoding=\"async\" src=\"https:\/\/news-fm.ro\/wp-content\/uploads\/2020\/05\/LADY-GAGA-AND-ARI-GRANDE-1024x576.jpg\" alt=\"\" class=\"wp-image-2849\"\/><\/figure>\n\n\n\n<p class=\"wp-block-paragraph\">Artista a vorbit despre procesul creativ prin care a trecut atunci c\u00e2nd a creat noul s\u0103u album, \u201eChromatica\u201d, pe care-l va lansa pe 29 mai, dar \u0219i despre rela\u021bia pe care o are cu Ariana Grande, al\u0103turi de care a lansat piesa \u201eRain on Me.\u201d<\/p>\n\n\n\n<blockquote class=\"wp-block-quote is-layout-flow wp-block-quote-is-layout-flow\"><p><em>Abia a\u0219tept s\u0103 dansez cu oamenii pe muzica asta! Vreau s\u0103 merg \u00een orice spa\u021biu cu un grup de oameni, s\u0103 dau volumul la maximum \u0219i s\u0103 le ar\u0103t c\u00e2t de mult \u00eei iubesc.<\/em><\/p><\/blockquote>\n\n\n\n<p class=\"wp-block-paragraph\">\u00cen ceea ce o prive\u0219te pe Ariana, Gaga vorbe\u0219te despre un parteneriat adev\u0103rat care a \u00eenceput \u00een clipa \u00een care a \u00eentrebat-o despre ceea ce-\u0219i dore\u0219te \u0219i cum vrea s\u0103 procedeze.<\/p>\n\n\n\n<figure class=\"wp-block-embed-youtube wp-block-embed is-type-rich is-provider-embed-handler wp-embed-aspect-16-9 wp-has-aspect-ratio\"><div class=\"wp-block-embed__wrapper\">\n<iframe title=\"Lady Gaga, Ariana Grande - Rain On Me (Official Music Video)\" width=\"1140\" height=\"641\" src=\"https:\/\/www.youtube.com\/embed\/AoAm4om0wTs?feature=oembed\" frameborder=\"0\" allow=\"accelerometer; autoplay; clipboard-write; encrypted-media; gyroscope; picture-in-picture; web-share\" allowfullscreen><\/iframe>\n<\/div><\/figure>\n\n\n\n<blockquote class=\"wp-block-quote is-layout-flow wp-block-quote-is-layout-flow\"><p><em>Apoi i-am spus. Ok, acum, vreau s\u0103 ui\u021bi tot ceea ce \u00eenseamn\u0103 pentru tine atunci c\u00e2nd c\u00e2n\u021bi \u0219i pur \u0219i simplu s\u0103 c\u00e2n\u021bi. Ah, \u0219i, apropo, c\u00e2t timp faci asta, eu voi dansa \u00een fa\u021ba ta. Ea a spus ceva de genul &#8211; wow, Doamne! Nu pot, nu pot! Nu \u0219tiu. Doamne! OK! OK! Apoi eu am dansat \u0219i ea a c\u00e2ntat, \u00een timp ce a f\u0103cut lucruri diferite cu vocea ei. A fost despre bucuria a dou\u0103 artiste care au spus &#8211; te v\u0103d!<\/em><\/p><\/blockquote>\n\n\n\n<p class=\"wp-block-paragraph\">Gaga spune c\u0103 fanii Arianei o vor vedea f\u0103c\u00e2nd lucruri pe care nu le-a mai f\u0103cut niciodat\u0103:\u00a0<\/p>\n\n\n\n<blockquote class=\"wp-block-quote is-layout-flow wp-block-quote-is-layout-flow\"><p><em>C\u00e2nd a venit \u00een studio, eu pl\u00e2ngeam \u0219i ea nu. Mi-a zis c\u0103 voi fi ok, mi-a dat num\u0103rul ei \u0219i mi-a spus s\u0103 o sun. A fost foarte insistent\u0103. A \u00eencercat de nenum\u0103rate ori s\u0103 fie prieten\u0103 cu mine.<\/em> <em>Iar mie mi-a fost prea ru\u0219ine s\u0103-mi petrec timpul cu ea, deoarece nu am vrut s\u0103 proiectez toat\u0103 negativitatea mea pe ceva care se vindeca \u0219i era at\u00e2t de frumos. \u00cen cele din urm\u0103 mi-a spus c\u0103 m\u0103 ascund \u0219i a v\u0103zut asta, iar atunci prietenia noastr\u0103 a \u00eenflorit.<\/em><\/p><\/blockquote>\n\n\n\n<p class=\"wp-block-paragraph\"><a href=\"https:\/\/www.unsitedemuzica.ro\/stiri\/Lady-Gaga-ofera-detalii-emotionante-despre-relatia-ei-cu-Ariana-Grande-p10074\">UN SITE DE MUZICA<\/a><\/p>\n","protected":false},"excerpt":{"rendered":"<p>Artista a vorbit despre procesul creativ prin care a trecut atunci c\u00e2nd a creat noul s\u0103u album, \u201eChromatica\u201d, pe care-l va lansa pe 29 mai, dar \u0219i despre rela\u021bia pe care o are cu Ariana Grande, al\u0103turi de care a lansat piesa \u201eRain on Me.\u201d Abia a\u0219tept s\u0103 dansez cu oamenii pe muzica asta! Vreau [&hellip;]<\/p>\n","protected":false},"author":1,"featured_media":0,"comment_status":"closed","ping_status":"closed","sticky":false,"template":"","format":"standard","meta":{"_crdt_document":"","footnotes":""},"categories":[3],"tags":[],"class_list":["post-2848","post","type-post","status-publish","format-standard","hentry","category-stars"],"_links":{"self":[{"href":"https:\/\/news-fm.ro\/index.php\/wp-json\/wp\/v2\/posts\/2848","targetHints":{"allow":["GET"]}}],"collection":[{"href":"https:\/\/news-fm.ro\/index.php\/wp-json\/wp\/v2\/posts"}],"about":[{"href":"https:\/\/news-fm.ro\/index.php\/wp-json\/wp\/v2\/types\/post"}],"author":[{"embeddable":true,"href":"https:\/\/news-fm.ro\/index.php\/wp-json\/wp\/v2\/users\/1"}],"replies":[{"embeddable":true,"href":"https:\/\/news-fm.ro\/index.php\/wp-json\/wp\/v2\/comments?post=2848"}],"version-history":[{"count":0,"href":"https:\/\/news-fm.ro\/index.php\/wp-json\/wp\/v2\/posts\/2848\/revisions"}],"wp:attachment":[{"href":"https:\/\/news-fm.ro\/index.php\/wp-json\/wp\/v2\/media?parent=2848"}],"wp:term":[{"taxonomy":"category","embeddable":true,"href":"https:\/\/news-fm.ro\/index.php\/wp-json\/wp\/v2\/categories?post=2848"},{"taxonomy":"post_tag","embeddable":true,"href":"https:\/\/news-fm.ro\/index.php\/wp-json\/wp\/v2\/tags?post=2848"}],"curies":[{"name":"wp","href":"https:\/\/api.w.org\/{rel}","templated":true}]}}