{"id":2846,"date":"2020-05-26T04:24:33","date_gmt":"2020-05-26T04:24:33","guid":{"rendered":"http:\/\/news-fm.ro\/?p=2846"},"modified":"2020-05-26T04:24:37","modified_gmt":"2020-05-26T04:24:37","slug":"abba-va-lansa-muzica-noua-in-acest-an-confirma-bjorn-ulvaeus","status":"publish","type":"post","link":"https:\/\/news-fm.ro\/index.php\/2020\/05\/26\/abba-va-lansa-muzica-noua-in-acest-an-confirma-bjorn-ulvaeus\/","title":{"rendered":"ABBA va lansa muzic\u0103 nou\u0103 \u00een acest an, confirm\u0103 Bj\u00f6rn Ulvaeus"},"content":{"rendered":"\n<figure class=\"wp-block-image size-large\"><img decoding=\"async\" src=\"https:\/\/news-fm.ro\/wp-content\/uploads\/2020\/05\/ABBA.jpg\" alt=\"\" class=\"wp-image-2764\"\/><\/figure>\n\n\n\n<p class=\"wp-block-paragraph\">Supergrupul suedez ABBA e gata s\u0103 revin\u0103 pe scena muzical\u0103 \u00een 2020, conform lui Bj\u00f6rn Ulvaeus, component al trupei. \u00cen 2018 forma\u0163ia nordic\u0103 \u00ee\u015fi anun\u0163a inten\u0163ia de a \u00eenregistra material nou, la 35 de ani distan\u0163\u0103 de la ultimul release muzical. Se pare c\u0103 piesele noi vor putea fi ascultate \u00een acest an.<\/p>\n\n\n\n<p class=\"wp-block-paragraph\">Ini\u0163ial arti\u015ftii au dorit s\u0103 lanseze\u00a0<strong>dou\u0103 noi single-uri<\/strong>\u00a0p\u00e2n\u0103 \u00een perioada de Cr\u0103ciun\u00a0<a href=\"https:\/\/www.infomusic.ro\/2018\/04\/abba-revine-cu-melodii-noi-in-acest-an-dupa-35-de-ani-de-pauza\/\">din 2018<\/a>, dar proiectul nu s-a materializat. Acum afl\u0103m c\u0103\u00a0<strong>Bj\u00f6rn Ulvaeus<\/strong>\u00a0a acordat un nou interviu \u015fi a clarificat aspectul reprezenta\u0163iilor live. \u015eansele sunt aproape zero ca\u00a0<strong>ABBA<\/strong>\u00a0s\u0103 mai c\u00e2nte \u00een formula complet\u0103 pe scen\u0103 vreodat\u0103, dar muzica nou\u0103 e \u00een c\u0103r\u0163i pentru acest an. Comentariile sale vin dup\u0103 ce Benny Andersson, cealalt\u0103 jum\u0103tate masculin\u0103 a grupului a spus \u00een februarie c\u0103 \u00een urm\u0103toarele luni vom putea asculta ceva nou de la ABBA.<\/p>\n\n\n\n<p class=\"wp-block-paragraph\">Singurul termen limit\u0103 pe care \u00eel avem este &#8220;dup\u0103 perioada verii&#8221;. O&nbsp;<a href=\"https:\/\/www.infomusic.ro\/2018\/06\/abba-una-dintre-piese-suna-ca-si-cum-am-fi-scris-o-pentru-industria-muzicala-de-astazi-cea-de-a-doua-pare-a-fi-scrisa-in-1972\/\">pies\u0103 nou\u0103<\/a>&nbsp;cu numele &#8220;I Still Have Faith In You&#8221; trebuia s\u0103 aib\u0103 premiera pe BBC \u00een decembrie 2018, urmat\u0103 de un alt track nou, &#8220;Don&#8217;t Shut Me Down&#8221;, dar nici una nu a mai v\u0103zut lumina zilei. Bjorn a declarat \u00een acela\u015fi nou interviu cu CNBC c\u0103 a fost minunat s\u0103 se revad\u0103 cu colegii de trup\u0103 \u00een studio dup\u0103 35 de ani. La mijlocul lunii mai &#8220;Waterloo&#8221; a fost aleas\u0103 drept piesa preferat\u0103 de publicul din Marea Britanie de la Eurovision din toate timpurile.<\/p>\n\n\n\n<p class=\"wp-block-paragraph\">Single-ul a fost votat de c\u0103tre telespectatorii BBC \u015fi le-a amintit multora de victoria legendar\u0103 a trupei de la Eurovision 1974, \u0163inut \u00een UK, la Brighton. Acest single a fost v\u00e2ndut \u00een aproape 6 milioane de exemplare.<\/p>\n\n\n\n<p class=\"wp-block-paragraph\">P\u00e2n\u0103 s\u0103 ascult\u0103m\u00a0<strong>piese noi<\/strong>\u00a0afl\u0103m c\u0103 \u00eentreaga discografie a senza\u0163iei pop suedeze va fi relansat\u0103 pe vinil color pentru prima oar\u0103. Toate cele 8 albume ale grupului vor fi integrate \u00eentr-un box set, care va sosi \u00een aceast\u0103 var\u0103, sub numele de &#8220;ABBA: The Studio Albums&#8221;. Albumul de debut din 1973, &#8220;Ring Ring&#8221; va fi imprimat pe un vinil ro\u015fu, \u00een vreme ce &#8220;Waterloo&#8221; din 1974 va ajunge pe un vinil portocaliu. LP-ul din 1975, &#8220;ABBA&#8221;, care include mega hiturile &#8220;SOS&#8221; \u015fi &#8220;Mamma Mia&#8221; va sosi pe argintiu.<\/p>\n\n\n\n<p class=\"wp-block-paragraph\"><a href=\"https:\/\/www.infomusic.ro\/2020\/05\/abba-va-lansa-muzica-noua-in-acest-an-confirma-bjorn-ulvaeus\/\">INFO MUSIC<\/a><\/p>\n","protected":false},"excerpt":{"rendered":"<p>Supergrupul suedez ABBA e gata s\u0103 revin\u0103 pe scena muzical\u0103 \u00een 2020, conform lui Bj\u00f6rn Ulvaeus, component al trupei. \u00cen 2018 forma\u0163ia nordic\u0103 \u00ee\u015fi anun\u0163a inten\u0163ia de a \u00eenregistra material nou, la 35 de ani distan\u0163\u0103 de la ultimul release muzical. Se pare c\u0103 piesele noi vor putea fi ascultate \u00een acest an. Ini\u0163ial arti\u015ftii [&hellip;]<\/p>\n","protected":false},"author":1,"featured_media":0,"comment_status":"closed","ping_status":"closed","sticky":false,"template":"","format":"standard","meta":{"_crdt_document":"","footnotes":""},"categories":[2],"tags":[],"class_list":["post-2846","post","type-post","status-publish","format-standard","hentry","category-trupe"],"_links":{"self":[{"href":"https:\/\/news-fm.ro\/index.php\/wp-json\/wp\/v2\/posts\/2846","targetHints":{"allow":["GET"]}}],"collection":[{"href":"https:\/\/news-fm.ro\/index.php\/wp-json\/wp\/v2\/posts"}],"about":[{"href":"https:\/\/news-fm.ro\/index.php\/wp-json\/wp\/v2\/types\/post"}],"author":[{"embeddable":true,"href":"https:\/\/news-fm.ro\/index.php\/wp-json\/wp\/v2\/users\/1"}],"replies":[{"embeddable":true,"href":"https:\/\/news-fm.ro\/index.php\/wp-json\/wp\/v2\/comments?post=2846"}],"version-history":[{"count":0,"href":"https:\/\/news-fm.ro\/index.php\/wp-json\/wp\/v2\/posts\/2846\/revisions"}],"wp:attachment":[{"href":"https:\/\/news-fm.ro\/index.php\/wp-json\/wp\/v2\/media?parent=2846"}],"wp:term":[{"taxonomy":"category","embeddable":true,"href":"https:\/\/news-fm.ro\/index.php\/wp-json\/wp\/v2\/categories?post=2846"},{"taxonomy":"post_tag","embeddable":true,"href":"https:\/\/news-fm.ro\/index.php\/wp-json\/wp\/v2\/tags?post=2846"}],"curies":[{"name":"wp","href":"https:\/\/api.w.org\/{rel}","templated":true}]}}