{"id":2830,"date":"2020-05-25T04:22:08","date_gmt":"2020-05-25T04:22:08","guid":{"rendered":"http:\/\/news-fm.ro\/?p=2830"},"modified":"2020-05-25T04:22:14","modified_gmt":"2020-05-25T04:22:14","slug":"s-a-decis-intentia-de-a-interzice-manelele-la-timisoara-reprezinta-discriminare","status":"publish","type":"post","link":"https:\/\/news-fm.ro\/index.php\/2020\/05\/25\/s-a-decis-intentia-de-a-interzice-manelele-la-timisoara-reprezinta-discriminare\/","title":{"rendered":"S-a decis! Inten\u0163ia de a interzice manelele la Timi\u015foara reprezint\u0103 discriminare"},"content":{"rendered":"\n<figure class=\"wp-block-image size-large\"><img decoding=\"async\" src=\"https:\/\/news-fm.ro\/wp-content\/uploads\/2020\/05\/im_bd8ed5a010216255f4c1b4d6d85e731a-1024x759.png\" alt=\"\" class=\"wp-image-2831\"\/><\/figure>\n\n\n\n<p class=\"wp-block-paragraph\">Gata! E oficial! S\u0103 interzici manelele e discriminare. CNCD (Consiliul Na\u021bional de Combaterea Discrimin\u0103rii) a decis c\u0103 inten\u021bia de a interzice manelele la Timi\u0219oara reprezint\u0103 discriminare. Astfel c\u0103 Nicolae Robu, primarul Timi\u0219oarei, a primit avertisment contraven\u021bional.<\/p>\n\n\n\n<p class=\"wp-block-paragraph\">Anul trecut,&nbsp;primarul Robu a dispus interzicerea interpret\u0103rii \u015fi difuz\u0103rii manelelor \u015fi folosirea gr\u0103tarelor \u00een aer liber pe domeniul public din Timi\u015foara, precum \u015fi practica anun\u0163\u0103rii de dedica\u0163ii, iar acest lucru a \u00eencins spiritele \u0219i internetul.&nbsp;&nbsp;<\/p>\n\n\n\n<p class=\"wp-block-paragraph\">E cunoscut faptul c\u0103 Nicolae Robu are alte preferin\u021be muzicale, care nu se prea \u00eempac\u0103 cu maneaua, dimpotriv\u0103:\u00a0<\/p>\n\n\n\n<figure class=\"wp-block-embed-youtube wp-block-embed is-type-video is-provider-youtube wp-embed-aspect-16-9 wp-has-aspect-ratio\"><div class=\"wp-block-embed__wrapper\">\n<iframe title=\"Nicolae Robu, cantautor\" width=\"1140\" height=\"641\" src=\"https:\/\/www.youtube.com\/embed\/U4UsgzzmQ3A?feature=oembed\" frameborder=\"0\" allow=\"accelerometer; autoplay; clipboard-write; encrypted-media; gyroscope; picture-in-picture; web-share\" allowfullscreen><\/iframe>\n<\/div><\/figure>\n\n\n\n<blockquote class=\"wp-block-quote is-layout-flow wp-block-quote-is-layout-flow\"><p><em>Inten\u021bia de a interzice expres difuzarea \u0219i interpretarea de manele pe spa\u021biul public din Timi\u0219oara de c\u0103tre Institu\u021bia Primarului municipiului Timi\u0219oara, reprezint\u0103 fapt\u0103 de discriminare \u0219i \u00eencalc\u0103 dreptul la demnitate conform art. 2 alin. (1) \u0219i art. 15 din O.G. 137\/2000, republicat\u0103. S-a aplicat sanc\u021biunea avertismentului contraven\u021bional. Hot\u0103r\u00e2re adoptat\u0103 cu 7-1 voturi.<\/em><\/p><\/blockquote>\n\n\n\n<p class=\"wp-block-paragraph\">A\u0219adar, difuzarea \u0219i interpretarea de manelele pe domeniul public nu mai pot fi interzise \u00een mod specific. Fie se interzic toate manifest\u0103rile muzicale, de orice gen, fie niciuna.\u00a0 \u00a0<\/p>\n\n\n\n<p class=\"wp-block-paragraph\"><a href=\"https:\/\/www.unsitedemuzica.ro\/stiri\/S-a-decis-Intentia-de-a-interzice-manelele-la-Timisoara-reprezinta-discriminare-p10056\">UN SITE DE MUZICA<\/a><\/p>\n","protected":false},"excerpt":{"rendered":"<p>Gata! E oficial! S\u0103 interzici manelele e discriminare. CNCD (Consiliul Na\u021bional de Combaterea Discrimin\u0103rii) a decis c\u0103 inten\u021bia de a interzice manelele la Timi\u0219oara reprezint\u0103 discriminare. Astfel c\u0103 Nicolae Robu, primarul Timi\u0219oarei, a primit avertisment contraven\u021bional. Anul trecut,&nbsp;primarul Robu a dispus interzicerea interpret\u0103rii \u015fi difuz\u0103rii manelelor \u015fi folosirea gr\u0103tarelor \u00een aer liber pe domeniul public [&hellip;]<\/p>\n","protected":false},"author":1,"featured_media":0,"comment_status":"closed","ping_status":"closed","sticky":false,"template":"","format":"standard","meta":{"_crdt_document":"","footnotes":""},"categories":[1],"tags":[],"class_list":["post-2830","post","type-post","status-publish","format-standard","hentry","category-diverse"],"_links":{"self":[{"href":"https:\/\/news-fm.ro\/index.php\/wp-json\/wp\/v2\/posts\/2830","targetHints":{"allow":["GET"]}}],"collection":[{"href":"https:\/\/news-fm.ro\/index.php\/wp-json\/wp\/v2\/posts"}],"about":[{"href":"https:\/\/news-fm.ro\/index.php\/wp-json\/wp\/v2\/types\/post"}],"author":[{"embeddable":true,"href":"https:\/\/news-fm.ro\/index.php\/wp-json\/wp\/v2\/users\/1"}],"replies":[{"embeddable":true,"href":"https:\/\/news-fm.ro\/index.php\/wp-json\/wp\/v2\/comments?post=2830"}],"version-history":[{"count":0,"href":"https:\/\/news-fm.ro\/index.php\/wp-json\/wp\/v2\/posts\/2830\/revisions"}],"wp:attachment":[{"href":"https:\/\/news-fm.ro\/index.php\/wp-json\/wp\/v2\/media?parent=2830"}],"wp:term":[{"taxonomy":"category","embeddable":true,"href":"https:\/\/news-fm.ro\/index.php\/wp-json\/wp\/v2\/categories?post=2830"},{"taxonomy":"post_tag","embeddable":true,"href":"https:\/\/news-fm.ro\/index.php\/wp-json\/wp\/v2\/tags?post=2830"}],"curies":[{"name":"wp","href":"https:\/\/api.w.org\/{rel}","templated":true}]}}