{"id":2816,"date":"2020-05-22T04:14:41","date_gmt":"2020-05-22T04:14:41","guid":{"rendered":"http:\/\/news-fm.ro\/?p=2816"},"modified":"2020-05-22T04:14:46","modified_gmt":"2020-05-22T04:14:46","slug":"the-weeknd-si-a-amanat-turneul-pentru-anul-2021-in-octombrie-ar-fi-ajuns-si-in-europa","status":"publish","type":"post","link":"https:\/\/news-fm.ro\/index.php\/2020\/05\/22\/the-weeknd-si-a-amanat-turneul-pentru-anul-2021-in-octombrie-ar-fi-ajuns-si-in-europa\/","title":{"rendered":"The Weeknd \u015fi-a am\u00e2nat turneul pentru anul 2021, \u00een octombrie ar fi ajuns \u015fi \u00een Europa"},"content":{"rendered":"\n<figure class=\"wp-block-image size-large\"><img fetchpriority=\"high\" decoding=\"async\" width=\"968\" height=\"681\" src=\"https:\/\/news-fm.ro\/wp-content\/uploads\/2020\/03\/the-weeknd.jpg\" alt=\"\" class=\"wp-image-2255\" srcset=\"https:\/\/news-fm.ro\/wp-content\/uploads\/2020\/03\/the-weeknd.jpg 968w, https:\/\/news-fm.ro\/wp-content\/uploads\/2020\/03\/the-weeknd-300x211.jpg 300w, https:\/\/news-fm.ro\/wp-content\/uploads\/2020\/03\/the-weeknd-768x540.jpg 768w, https:\/\/news-fm.ro\/wp-content\/uploads\/2020\/03\/the-weeknd-500x352.jpg 500w\" sizes=\"(max-width: 968px) 100vw, 968px\" \/><\/figure>\n\n\n\n<p class=\"wp-block-paragraph\">Dup\u0103 ce a lansat \u201eAfter Hours\u201d, unul dintre cele mai populare albume ale acestui an, The Weeknd urma s\u0103 dea startul unui turneu interna\u021bional, care trebuia s\u0103 ajung\u0103 \u0219i \u00een multe ora\u0219e din Europa. Primele concerte din The After Hours Tour&nbsp;erau programate pentru aceast\u0103 var\u0103, \u00een State \u0219i Canada.&nbsp;<\/p>\n\n\n\n<p class=\"wp-block-paragraph\">Av\u00e2nd \u00een vedere c\u0103 bucata european\u0103 a turneului ar fi trebuit s\u0103 \u00eenceap\u0103 \u00een toamn\u0103, \u00een luna octombrie, existau speran\u021be c\u0103 pandemia de COVID-19 nu va afecta desf\u0103\u0219urarea concertelor. \u00cens\u0103, din p\u0103cate, The Weeknd \u0219i-a am\u00e2nat \u00eentregul turneu pentru 2021.\u00a0<\/p>\n\n\n\n<p class=\"wp-block-paragraph\">Devine din ce \u00een ce mai clar c\u0103 anul acesta nu vom mai avea parte de niciun concert mare, cu at\u00e2t mai mult festivaluri, nic\u0103ieri \u00een lume.<\/p>\n\n\n\n<p class=\"wp-block-paragraph\">\u00cen 2021, The Weeknd va fi \u00eenso\u021bit de Sabrina Claudio, Don Toliver\u00a0\u0219i Black Atlass. \u00cen Europa ajunge tot \u00een toamn\u0103, doar c\u0103 anul viitor. Vezi care sunt datele pentru concertele europene:\u00a0\u00a0<\/p>\n\n\n\n<p class=\"wp-block-paragraph\">10\/04\/2021 \u2014 Stockholm, Suedia @ Ericcson Globe<br>10\/06\/2021 \u2014 Copenhaga, Anemarca @ Royal Arena<br>10\/09\/2021 \u2014 Oslo, Norvegia @ Telenor Arena<br>10\/11\/2021 \u2014 Hamburg,\u00a0Germania @ Barclaycard Arena<br>10\/13\/2021 \u2014 Antwerp,\u00a0Belgia @ Sportpaleis<br>10\/15\/2021 \u2014 Paris, Fran\u021ba @ Accorhotels Arena<br>10\/16\/2021 \u2014 Paris, Fran\u021ba @ Accorhotels Arena<br>10\/17\/2021 \u2014 Paris, Fran\u021ba @ Accorhotels Arena<br>10\/19\/2021 \u2014 Amsterdam, Olanda @ Ziggo Dome<br>10\/22\/2021 \u2014 Birmingham,\u00a0Marea Britanie\u00a0@ Arena<br>10\/24\/2021 \u2014 Manchester, Marea Britanie @ Arena<br>10\/25\/2021 \u2014 Londra, Marea Britanie @ The O2<br>10\/29\/2021 \u2014 Londra,\u00a0Marea Britanie @ The O2<br>10\/30\/2021 \u2014 Londra,\u00a0Marea Britanie @ The O2<br>10\/31\/2021 \u2014 Londra,\u00a0Marea Britanie @ The O2<br>11\/03\/2021 \u2014 Newcastle, Marea Britanie\u00a0@ Utilita Arena<br>11\/05\/2021 \u2014 Koln, Germania @ Lanxess Arena<br>TBD \u2014 Glasgow, Marea Britanie\u00a0@ SSE Hydro<br>11\/08\/2021 \u2014 Praga,\u00a0Cehia @ O2 Arena<br>11\/09\/2021 \u2014 Munchen, Germania @ Olympiahalle<br>11\/11\/2021\u00a0 \u2014 Berlin,\u00a0Germania @ Mercedes-Benz Arena<\/p>\n\n\n\n<figure class=\"wp-block-embed-youtube wp-block-embed is-type-video is-provider-youtube wp-embed-aspect-16-9 wp-has-aspect-ratio\"><div class=\"wp-block-embed__wrapper\">\n<iframe title=\"The Weeknd - Blinding Lights (Official Audio)\" width=\"1140\" height=\"641\" src=\"https:\/\/www.youtube.com\/embed\/fHI8X4OXluQ?feature=oembed\" frameborder=\"0\" allow=\"accelerometer; autoplay; clipboard-write; encrypted-media; gyroscope; picture-in-picture; web-share\" allowfullscreen><\/iframe>\n<\/div><\/figure>\n\n\n\n<p class=\"wp-block-paragraph\"><a href=\"https:\/\/www.unsitedemuzica.ro\/stiri\/The-Weeknd-si-a-amanat-turneul-pentru-anul-2021-in-octombrie-ar-fi-ajuns-si-in-Europa-p10042\">UN SITE DE MUZICA<\/a><\/p>\n","protected":false},"excerpt":{"rendered":"<p>Dup\u0103 ce a lansat \u201eAfter Hours\u201d, unul dintre cele mai populare albume ale acestui an, The Weeknd urma s\u0103 dea startul unui turneu interna\u021bional, care trebuia s\u0103 ajung\u0103 \u0219i \u00een multe ora\u0219e din Europa. Primele concerte din The After Hours Tour&nbsp;erau programate pentru aceast\u0103 var\u0103, \u00een State \u0219i Canada.&nbsp; Av\u00e2nd \u00een vedere c\u0103 bucata european\u0103 [&hellip;]<\/p>\n","protected":false},"author":1,"featured_media":2255,"comment_status":"closed","ping_status":"closed","sticky":false,"template":"","format":"standard","meta":{"_crdt_document":"","footnotes":""},"categories":[3],"tags":[],"class_list":["post-2816","post","type-post","status-publish","format-standard","has-post-thumbnail","hentry","category-stars"],"_links":{"self":[{"href":"https:\/\/news-fm.ro\/index.php\/wp-json\/wp\/v2\/posts\/2816","targetHints":{"allow":["GET"]}}],"collection":[{"href":"https:\/\/news-fm.ro\/index.php\/wp-json\/wp\/v2\/posts"}],"about":[{"href":"https:\/\/news-fm.ro\/index.php\/wp-json\/wp\/v2\/types\/post"}],"author":[{"embeddable":true,"href":"https:\/\/news-fm.ro\/index.php\/wp-json\/wp\/v2\/users\/1"}],"replies":[{"embeddable":true,"href":"https:\/\/news-fm.ro\/index.php\/wp-json\/wp\/v2\/comments?post=2816"}],"version-history":[{"count":0,"href":"https:\/\/news-fm.ro\/index.php\/wp-json\/wp\/v2\/posts\/2816\/revisions"}],"wp:featuredmedia":[{"embeddable":true,"href":"https:\/\/news-fm.ro\/index.php\/wp-json\/wp\/v2\/media\/2255"}],"wp:attachment":[{"href":"https:\/\/news-fm.ro\/index.php\/wp-json\/wp\/v2\/media?parent=2816"}],"wp:term":[{"taxonomy":"category","embeddable":true,"href":"https:\/\/news-fm.ro\/index.php\/wp-json\/wp\/v2\/categories?post=2816"},{"taxonomy":"post_tag","embeddable":true,"href":"https:\/\/news-fm.ro\/index.php\/wp-json\/wp\/v2\/tags?post=2816"}],"curies":[{"name":"wp","href":"https:\/\/api.w.org\/{rel}","templated":true}]}}