{"id":2812,"date":"2020-05-21T04:32:16","date_gmt":"2020-05-21T04:32:16","guid":{"rendered":"http:\/\/news-fm.ro\/?p=2812"},"modified":"2020-05-21T04:32:18","modified_gmt":"2020-05-21T04:32:18","slug":"noah-cyrus-marturiseste-cat-de-greu-a-fost-sa-creasca-in-umbra-surorii-sale-miley-cyrus","status":"publish","type":"post","link":"https:\/\/news-fm.ro\/index.php\/2020\/05\/21\/noah-cyrus-marturiseste-cat-de-greu-a-fost-sa-creasca-in-umbra-surorii-sale-miley-cyrus\/","title":{"rendered":"Noah Cyrus m\u0103rturise\u015fte c\u00e2t de greu a fost s\u0103 creasc\u0103 \u00een umbra surorii sale, Miley Cyrus"},"content":{"rendered":"\n<figure class=\"wp-block-image size-large\"><img decoding=\"async\" src=\"https:\/\/news-fm.ro\/wp-content\/uploads\/2020\/05\/MILAY-AND-NOAH-1024x678.jpg\" alt=\"\" class=\"wp-image-2813\"\/><\/figure>\n\n\n\n<p class=\"wp-block-paragraph\">Artista a lansat recent\u00a0melodia \u201eYoung &amp; Sad\u201d\u00a0care con\u021bine versuri precum:\u00a0\u201e<em>My sister&#8217;s like sunshine, bringing good light wherever she&#8217;ll go\/ and I was born to rain clouds, blessed in her shadows.\u201d<\/em><\/p>\n\n\n\n<p class=\"wp-block-paragraph\">\u00cen v\u00e2rst\u0103 de 20 de ani, mica-Cyrus a \u021binut un live pe contul ei de Instagram, unde a vorbit mai mult despre mesajul din spatele noului ei c\u00e2ntec. La un moment dat, t\u00e2n\u0103ra a \u00eenceput s\u0103 pl\u00e2ng\u0103, amintindu-\u0219i de criticile pe care le-a \u00eenfruntat c\u00e2nd era mai mic\u0103.<\/p>\n\n\n\n<blockquote class=\"wp-block-quote is-layout-flow wp-block-quote-is-layout-flow\"><p><em><strong>Av\u00e2nd \u00een vedere familia \u00een care m-am n\u0103scut, toat\u0103 lumea mi-a f\u0103cut via\u021ba complicat\u0103 pentru c\u0103 era complicat s\u0103 fiu sora mai mic\u0103 a lui Miley. Mereu am sim\u021bit c\u0103 sunt acea persoana de care nu-i pas\u0103 nim\u0103nui, din cauza lucrurilor pe care oamenii le spuneau despre mine \u00een online.<\/strong><\/em><\/p><\/blockquote>\n\n\n\n<p class=\"wp-block-paragraph\">Noah a purtat o conversa\u021bie foarte vulnerabil\u0103 cu fanii \u0219i a admis faptul c\u0103 a crezut c\u0103 va sta mereu \u00een umbra lui Miley.<\/p>\n\n\n\n<blockquote class=\"wp-block-quote is-layout-flow wp-block-quote-is-layout-flow\"><p><em><strong>Asta am auzit toat\u0103 via\u021ba mea, \u00een fiecare zi. Ori eram asta, ori nu eram \u00eendeajuns de bun\u0103, ori era modul \u00een care ar\u0103t sau cel \u00een care m\u0103 comport. A\u0219a cum am spus zilele trecute, uneori am senza\u021bia c\u0103 nici nu respir cum trebuie.<\/strong><\/em><\/p><\/blockquote>\n\n\n\n<figure class=\"wp-block-embed-youtube wp-block-embed is-type-video is-provider-youtube wp-embed-aspect-16-9 wp-has-aspect-ratio\"><div class=\"wp-block-embed__wrapper\">\n<iframe title=\"Noah Cyrus - Young &amp; Sad (Official Audio)\" width=\"1140\" height=\"641\" src=\"https:\/\/www.youtube.com\/embed\/NbgD9TyTW6g?feature=oembed\" frameborder=\"0\" allow=\"accelerometer; autoplay; clipboard-write; encrypted-media; gyroscope; picture-in-picture; web-share\" allowfullscreen><\/iframe>\n<\/div><\/figure>\n\n\n\n<p class=\"wp-block-paragraph\"><a href=\"https:\/\/www.unsitedemuzica.ro\/stiri\/Noah-Cyrus-marturiseste-cat-de-greu-a-fost-sa-creasca-in-umbra-surorii-sale-Miley-Cyrus-p10014\">UN SITE DE MUZICA<\/a><\/p>\n","protected":false},"excerpt":{"rendered":"<p>Artista a lansat recent\u00a0melodia \u201eYoung &amp; Sad\u201d\u00a0care con\u021bine versuri precum:\u00a0\u201eMy sister&#8217;s like sunshine, bringing good light wherever she&#8217;ll go\/ and I was born to rain clouds, blessed in her shadows.\u201d \u00cen v\u00e2rst\u0103 de 20 de ani, mica-Cyrus a \u021binut un live pe contul ei de Instagram, unde a vorbit mai mult despre mesajul din spatele [&hellip;]<\/p>\n","protected":false},"author":1,"featured_media":0,"comment_status":"closed","ping_status":"closed","sticky":false,"template":"","format":"standard","meta":{"_crdt_document":"","footnotes":""},"categories":[3],"tags":[],"class_list":["post-2812","post","type-post","status-publish","format-standard","hentry","category-stars"],"_links":{"self":[{"href":"https:\/\/news-fm.ro\/index.php\/wp-json\/wp\/v2\/posts\/2812","targetHints":{"allow":["GET"]}}],"collection":[{"href":"https:\/\/news-fm.ro\/index.php\/wp-json\/wp\/v2\/posts"}],"about":[{"href":"https:\/\/news-fm.ro\/index.php\/wp-json\/wp\/v2\/types\/post"}],"author":[{"embeddable":true,"href":"https:\/\/news-fm.ro\/index.php\/wp-json\/wp\/v2\/users\/1"}],"replies":[{"embeddable":true,"href":"https:\/\/news-fm.ro\/index.php\/wp-json\/wp\/v2\/comments?post=2812"}],"version-history":[{"count":0,"href":"https:\/\/news-fm.ro\/index.php\/wp-json\/wp\/v2\/posts\/2812\/revisions"}],"wp:attachment":[{"href":"https:\/\/news-fm.ro\/index.php\/wp-json\/wp\/v2\/media?parent=2812"}],"wp:term":[{"taxonomy":"category","embeddable":true,"href":"https:\/\/news-fm.ro\/index.php\/wp-json\/wp\/v2\/categories?post=2812"},{"taxonomy":"post_tag","embeddable":true,"href":"https:\/\/news-fm.ro\/index.php\/wp-json\/wp\/v2\/tags?post=2812"}],"curies":[{"name":"wp","href":"https:\/\/api.w.org\/{rel}","templated":true}]}}