{"id":2808,"date":"2020-05-21T04:28:31","date_gmt":"2020-05-21T04:28:31","guid":{"rendered":"http:\/\/news-fm.ro\/?p=2808"},"modified":"2020-05-21T04:28:31","modified_gmt":"2020-05-21T04:28:31","slug":"o-mai-tii-minte-pe-sorana-de-la-a-s-i-a-cat-de-schimbata-e-in-prezent","status":"publish","type":"post","link":"https:\/\/news-fm.ro\/index.php\/2020\/05\/21\/o-mai-tii-minte-pe-sorana-de-la-a-s-i-a-cat-de-schimbata-e-in-prezent\/","title":{"rendered":"O mai \u0163ii minte pe Sorana de la A.S.I.A? C\u00e2t de schimbat\u0103 e \u00een prezent"},"content":{"rendered":"\n<figure class=\"wp-block-image size-large\"><img decoding=\"async\" src=\"https:\/\/news-fm.ro\/wp-content\/uploads\/2020\/05\/SORANA-ASIA-819x1024.jpg\" alt=\"\" class=\"wp-image-2809\"\/><\/figure>\n\n\n\n<p class=\"wp-block-paragraph\">n tinere\u021bile noastre dansam \u0219i c\u00e2ntam \u201eia cu tine \u0219i inima meaaa\u201d, melodia care apar\u021binea fetelor de la A.S.I.A. Mai \u021bii minte?<\/p>\n\n\n\n<p class=\"wp-block-paragraph\">Sorana Darclee era una dintre membrele trupei.<\/p>\n\n\n\n<figure class=\"wp-block-image size-large\"><img decoding=\"async\" src=\"https:\/\/news-fm.ro\/wp-content\/uploads\/2020\/05\/asia.jpg\" alt=\"\" class=\"wp-image-2810\"\/><\/figure>\n\n\n\n<p class=\"wp-block-paragraph\">Timpul a trecut, toat\u0103 lumea s-a maturizat, iar Sorana este \u00een prezent o femeie \u00een toat\u0103 firea, pasionat\u0103 de pictur\u0103, a\u0219a cum po\u021bi vedea \u0219i tu pe contul ei de Instagram.<\/p>\n\n\n\n<figure class=\"wp-block-embed-instagram wp-block-embed is-type-rich is-provider-instagram\"><div class=\"wp-block-embed__wrapper\">\nhttps:\/\/www.instagram.com\/p\/B-4drLSjQ3a\/?utm_source=ig_embed\n<\/div><\/figure>\n\n\n\n<figure class=\"wp-block-embed-instagram wp-block-embed is-type-rich is-provider-instagram\"><div class=\"wp-block-embed__wrapper\">\nhttps:\/\/www.instagram.com\/p\/CASyhzsjAW1\/\n<\/div><\/figure>\n\n\n\n<p class=\"wp-block-paragraph\">\u00cen plan muzical, ea a participat anul trecut la show-ul \u201eTe cunosc de undeva\u201d, dar ne-ar pl\u0103cea s\u0103 scoat\u0103 \u0219i muzic\u0103 nou\u0103.<\/p>\n\n\n\n<figure class=\"wp-block-embed-youtube wp-block-embed is-type-video is-provider-youtube wp-embed-aspect-16-9 wp-has-aspect-ratio\"><div class=\"wp-block-embed__wrapper\">\nhttps:\/\/www.youtube.com\/watch?v=gc5Ot88DSa4\n<\/div><\/figure>\n\n\n\n<p class=\"wp-block-paragraph\"><a href=\"https:\/\/www.unsitedemuzica.ro\/stiri\/-FOTO-O-mai-tii-minte-pe-Sorana-de-la-ASIA-Cat-de-schimbata-e-in-prezent-p10037\">UN SITE DE MUZICA<\/a><\/p>\n","protected":false},"excerpt":{"rendered":"<p>n tinere\u021bile noastre dansam \u0219i c\u00e2ntam \u201eia cu tine \u0219i inima meaaa\u201d, melodia care apar\u021binea fetelor de la A.S.I.A. Mai \u021bii minte? Sorana Darclee era una dintre membrele trupei. Timpul a trecut, toat\u0103 lumea s-a maturizat, iar Sorana este \u00een prezent o femeie \u00een toat\u0103 firea, pasionat\u0103 de pictur\u0103, a\u0219a cum po\u021bi vedea \u0219i tu [&hellip;]<\/p>\n","protected":false},"author":1,"featured_media":0,"comment_status":"closed","ping_status":"closed","sticky":false,"template":"","format":"standard","meta":{"_crdt_document":"","footnotes":""},"categories":[3],"tags":[],"class_list":["post-2808","post","type-post","status-publish","format-standard","hentry","category-stars"],"_links":{"self":[{"href":"https:\/\/news-fm.ro\/index.php\/wp-json\/wp\/v2\/posts\/2808","targetHints":{"allow":["GET"]}}],"collection":[{"href":"https:\/\/news-fm.ro\/index.php\/wp-json\/wp\/v2\/posts"}],"about":[{"href":"https:\/\/news-fm.ro\/index.php\/wp-json\/wp\/v2\/types\/post"}],"author":[{"embeddable":true,"href":"https:\/\/news-fm.ro\/index.php\/wp-json\/wp\/v2\/users\/1"}],"replies":[{"embeddable":true,"href":"https:\/\/news-fm.ro\/index.php\/wp-json\/wp\/v2\/comments?post=2808"}],"version-history":[{"count":0,"href":"https:\/\/news-fm.ro\/index.php\/wp-json\/wp\/v2\/posts\/2808\/revisions"}],"wp:attachment":[{"href":"https:\/\/news-fm.ro\/index.php\/wp-json\/wp\/v2\/media?parent=2808"}],"wp:term":[{"taxonomy":"category","embeddable":true,"href":"https:\/\/news-fm.ro\/index.php\/wp-json\/wp\/v2\/categories?post=2808"},{"taxonomy":"post_tag","embeddable":true,"href":"https:\/\/news-fm.ro\/index.php\/wp-json\/wp\/v2\/tags?post=2808"}],"curies":[{"name":"wp","href":"https:\/\/api.w.org\/{rel}","templated":true}]}}