{"id":2792,"date":"2020-05-20T04:26:16","date_gmt":"2020-05-20T04:26:16","guid":{"rendered":"http:\/\/news-fm.ro\/?p=2792"},"modified":"2020-05-20T04:26:21","modified_gmt":"2020-05-20T04:26:21","slug":"tot-ce-stim-despre-piesa-pe-care-lady-gaga-si-ariana-grande-o-vor-lansa-impreuna","status":"publish","type":"post","link":"https:\/\/news-fm.ro\/index.php\/2020\/05\/20\/tot-ce-stim-despre-piesa-pe-care-lady-gaga-si-ariana-grande-o-vor-lansa-impreuna\/","title":{"rendered":"Tot ce \u015ftim despre piesa pe care Lady Gaga \u015fi Ariana Grande o vor lansa \u00eempreun\u0103"},"content":{"rendered":"\n<figure class=\"wp-block-image size-large\"><img decoding=\"async\" src=\"https:\/\/news-fm.ro\/wp-content\/uploads\/2020\/05\/LADY-GAGA-AND-ARIANA-GRANDE-1024x575.jpg\" alt=\"\" class=\"wp-image-2793\"\/><\/figure>\n\n\n\n<p class=\"wp-block-paragraph\">Lady Gaga \u0219i-a anun\u021bat deja fanii c\u0103 29 mai va fi ziua \u00een care-\u0219i va lansa cel mai recent material muzical, \u201eChromatica.\u201d<\/p>\n\n\n\n<p class=\"wp-block-paragraph\">Artista a dezv\u0103luit c\u0103 albumul va avea mai multe colabor\u0103ri muzicale cu arti\u0219ti celebri, iar cea cu Ariana Grande ne-a atras aten\u021bia \u00een mod special.<\/p>\n\n\n\n<p class=\"wp-block-paragraph\">Dac\u0103 29 mai \u021bi se pare la ani lumin\u0103 distan\u021b\u0103, atunci po\u021bi s\u0103-\u021bi \u00eencercuie\u0219ti \u00een calendar&nbsp;<strong>ziua de 22 mai<\/strong>, deoarece vei putea asculta&nbsp;<strong>\u201eRain on Me\u201d<\/strong>, melodia celor dou\u0103 c\u00e2nt\u0103re\u021be.<\/p>\n\n\n\n<p class=\"wp-block-paragraph\">Nu au fost dezv\u0103luite alte detalii despre c\u00e2ntec, \u00eens\u0103 \u00eentr-un interviu pe care Gaga l-a dat recent celor de la\u00a0<a rel=\"noreferrer noopener\" href=\"https:\/\/www.papermag.com\/lady-gaga-chromatica-2645479910.html\" target=\"_blank\">papermag.com, a spus<\/a>:<strong><em> \u201eeste o melodie puternic\u0103 despre toate lacrimile.\u201d<\/em><\/strong><\/p>\n\n\n\n<p class=\"wp-block-paragraph\">A vorbit despre cum e bine s\u0103 te la\u0219i s\u0103 experimentezi devastarea, deoarece este un mesaj care a rezonat puternic at\u00e2t cu ea, c\u00e2t \u0219i cu Grade, ambele experiment\u00e2nd traume majore c\u00e2t timp au fost \u00een lumina reflectoarelor.<\/p>\n\n\n\n<blockquote class=\"wp-block-quote is-layout-flow wp-block-quote-is-layout-flow\"><p><em>Am stat cu ea \u0219i am vorbit despre vie\u021bile noastre. Dou\u0103 femei care au o conversa\u021bie despre cum s\u0103 mearg\u0103 mai departe \u0219i cum s\u0103 r\u0103m\u00e2n\u0103 recunosc\u0103toare pentru ceea ce fac. Nu este u\u0219or s\u0103 fii faimos.<\/em><\/p><\/blockquote>\n\n\n\n<p class=\"wp-block-paragraph\"><a href=\"https:\/\/www.unsitedemuzica.ro\/stiri\/Tot-ce-stim-despre-piesa-pe-care-Lady-Gaga-si-Ariana-Grande-o-vor-lansa-impreuna-p10013\">UN SITE DE MUZICA<\/a><\/p>\n","protected":false},"excerpt":{"rendered":"<p>Lady Gaga \u0219i-a anun\u021bat deja fanii c\u0103 29 mai va fi ziua \u00een care-\u0219i va lansa cel mai recent material muzical, \u201eChromatica.\u201d Artista a dezv\u0103luit c\u0103 albumul va avea mai multe colabor\u0103ri muzicale cu arti\u0219ti celebri, iar cea cu Ariana Grande ne-a atras aten\u021bia \u00een mod special. Dac\u0103 29 mai \u021bi se pare la ani [&hellip;]<\/p>\n","protected":false},"author":1,"featured_media":0,"comment_status":"closed","ping_status":"closed","sticky":false,"template":"","format":"standard","meta":{"_crdt_document":"","footnotes":""},"categories":[4,3],"tags":[],"class_list":["post-2792","post","type-post","status-publish","format-standard","hentry","category-noutati","category-stars"],"_links":{"self":[{"href":"https:\/\/news-fm.ro\/index.php\/wp-json\/wp\/v2\/posts\/2792","targetHints":{"allow":["GET"]}}],"collection":[{"href":"https:\/\/news-fm.ro\/index.php\/wp-json\/wp\/v2\/posts"}],"about":[{"href":"https:\/\/news-fm.ro\/index.php\/wp-json\/wp\/v2\/types\/post"}],"author":[{"embeddable":true,"href":"https:\/\/news-fm.ro\/index.php\/wp-json\/wp\/v2\/users\/1"}],"replies":[{"embeddable":true,"href":"https:\/\/news-fm.ro\/index.php\/wp-json\/wp\/v2\/comments?post=2792"}],"version-history":[{"count":0,"href":"https:\/\/news-fm.ro\/index.php\/wp-json\/wp\/v2\/posts\/2792\/revisions"}],"wp:attachment":[{"href":"https:\/\/news-fm.ro\/index.php\/wp-json\/wp\/v2\/media?parent=2792"}],"wp:term":[{"taxonomy":"category","embeddable":true,"href":"https:\/\/news-fm.ro\/index.php\/wp-json\/wp\/v2\/categories?post=2792"},{"taxonomy":"post_tag","embeddable":true,"href":"https:\/\/news-fm.ro\/index.php\/wp-json\/wp\/v2\/tags?post=2792"}],"curies":[{"name":"wp","href":"https:\/\/api.w.org\/{rel}","templated":true}]}}