{"id":2788,"date":"2020-05-20T04:16:10","date_gmt":"2020-05-20T04:16:10","guid":{"rendered":"http:\/\/news-fm.ro\/?p=2788"},"modified":"2020-05-20T04:16:14","modified_gmt":"2020-05-20T04:16:14","slug":"spectacolele-ar-putea-fi-reluate-din-15-iunie-lege-speciala-pentru-untold-si-electric-castle","status":"publish","type":"post","link":"https:\/\/news-fm.ro\/index.php\/2020\/05\/20\/spectacolele-ar-putea-fi-reluate-din-15-iunie-lege-speciala-pentru-untold-si-electric-castle\/","title":{"rendered":"Spectacolele ar putea fi reluate din 15 iunie. Lege special\u0103 pentru Untold \u015fi Electric Castle"},"content":{"rendered":"\n<figure class=\"wp-block-image size-large\"><img decoding=\"async\" src=\"https:\/\/news-fm.ro\/wp-content\/uploads\/2020\/04\/untold-1.jpg\" alt=\"\" class=\"wp-image-2567\"\/><\/figure>\n\n\n\n<p class=\"wp-block-paragraph\">Spectacolele ar putea fi reluate din 15 iunie \u00een aer liber, cu participarea a maxim 400 de persoane, potrivit unor surse din Guvern. Festivalurile mari precum &#8220;Untold&#8221; \u015fi &#8220;Electric Castle&#8221;, cu mai mult de 1.000 de persoane, ar putea fi interzise p\u00e2n\u0103 la finalul lunii august, au precizat acestea. Premierul Ludovic Orban a avut, mar\u021bi, la Palatul Victoria, consult\u0103ri cu reprezentan\u021bii artelor teatrale.<\/p>\n\n\n\n<blockquote class=\"wp-block-quote is-layout-flow wp-block-quote-is-layout-flow\"><p>Consult\u0103rile premierului Ludovic Orban au continuat ast\u0103zi cu reprezentan\u021bii artelor teatrale, discu\u021biile fiind concentrate asupra m\u0103surilor de sus\u021binere a domeniului cultural at\u00e2t \u00een perioada imediat\u0103, c\u00e2t \u0219i pe termen mediu \u0219i lung. Preocuparea comun\u0103 a reprezentan\u021bilor Guvernului \u0219i artelor teatrale este legat\u0103 de reluarea produc\u021biilor de spectacol (repeti\u021biilor) \u0219i a activit\u0103\u021bii culturale, \u00een condi\u021bii de siguran\u021b\u0103 sanitar\u0103 at\u00e2t pentru actori \u0219i personalul de suport, c\u00e2t \u0219i pentru cet\u0103\u021beni. Astfel, \u00eentr-o prim\u0103 etap\u0103, \u00een func\u021bie de evolu\u021bia epidemiologic\u0103, va fi analizat\u0103 reluarea spectacolelor \u00een aer liber cu respectarea normelor de protec\u021bie sanitar\u0103 \u0219i de distan\u021bare fizic\u0103, <\/p><cite>arat\u0103 un comunicat emis de Executiv.<\/cite><\/blockquote>\n\n\n\n<p class=\"wp-block-paragraph\"><strong>Guvernul ia \u00een calcul ca spectacolele s\u0103 fie reluate de la mijlocul lunii iunie \u00een aer liber, cu participarea a cel mult 400 de persoane, au precizat, surse din Executiv, pentru Digi24.&nbsp;Festivalurile mari, la care particip\u0103 mai mult de 1.000 de persoane, ar putea fi interzise, printr-o lege special\u0103, p\u00e2n\u0103 la finalul lunii august 2020, au mai spus acestea.<\/strong><\/p>\n\n\n\n<p class=\"wp-block-paragraph\">Potrivit comunicatului emis de Guvern, premierul Ludovic Orban a afirmat c\u0103 &#8220;<strong>vor fi men\u021binute formele de sprijin pentru angaja\u021bii din activit\u0103\u021bile care vor r\u0103m\u00e2ne restric\u021bionate prin decizii guvernamentale (plata \u0219omajului tehnic), iar \u00een perspectiva relu\u0103rii activit\u0103\u021bii vor fi decise m\u0103suri active de sus\u021binere, prin asigurarea din fonduri bugetare a unei p\u0103r\u021bi din cheltuielile de salarizare pentru angaja\u021bii care \u00ee\u0219i vor p\u0103stra locurile de munc\u0103.&#8221;<\/strong><\/p>\n\n\n\n<p class=\"wp-block-paragraph\">La consult\u0103rile cu reprezenta\u021bii artelor teatrale, al\u0103turi de prim-ministru au participat vicepremierul Raluca Turcan \u0219i ministrul Culturii, Bogdan Gheorghiu.<\/p>\n\n\n\n<p class=\"wp-block-paragraph\"><a href=\"https:\/\/www.digi24.ro\/stiri\/actualitate\/social\/spectacolele-ar-putea-fi-reluate-din-15-iunie-lege-speciala-pentru-untold-si-electric-castle-1309535\">DIGI24<\/a><\/p>\n","protected":false},"excerpt":{"rendered":"<p>Spectacolele ar putea fi reluate din 15 iunie \u00een aer liber, cu participarea a maxim 400 de persoane, potrivit unor surse din Guvern. Festivalurile mari precum &#8220;Untold&#8221; \u015fi &#8220;Electric Castle&#8221;, cu mai mult de 1.000 de persoane, ar putea fi interzise p\u00e2n\u0103 la finalul lunii august, au precizat acestea. Premierul Ludovic Orban a avut, mar\u021bi, [&hellip;]<\/p>\n","protected":false},"author":1,"featured_media":0,"comment_status":"closed","ping_status":"closed","sticky":false,"template":"","format":"standard","meta":{"_crdt_document":"","footnotes":""},"categories":[1],"tags":[],"class_list":["post-2788","post","type-post","status-publish","format-standard","hentry","category-diverse"],"_links":{"self":[{"href":"https:\/\/news-fm.ro\/index.php\/wp-json\/wp\/v2\/posts\/2788","targetHints":{"allow":["GET"]}}],"collection":[{"href":"https:\/\/news-fm.ro\/index.php\/wp-json\/wp\/v2\/posts"}],"about":[{"href":"https:\/\/news-fm.ro\/index.php\/wp-json\/wp\/v2\/types\/post"}],"author":[{"embeddable":true,"href":"https:\/\/news-fm.ro\/index.php\/wp-json\/wp\/v2\/users\/1"}],"replies":[{"embeddable":true,"href":"https:\/\/news-fm.ro\/index.php\/wp-json\/wp\/v2\/comments?post=2788"}],"version-history":[{"count":0,"href":"https:\/\/news-fm.ro\/index.php\/wp-json\/wp\/v2\/posts\/2788\/revisions"}],"wp:attachment":[{"href":"https:\/\/news-fm.ro\/index.php\/wp-json\/wp\/v2\/media?parent=2788"}],"wp:term":[{"taxonomy":"category","embeddable":true,"href":"https:\/\/news-fm.ro\/index.php\/wp-json\/wp\/v2\/categories?post=2788"},{"taxonomy":"post_tag","embeddable":true,"href":"https:\/\/news-fm.ro\/index.php\/wp-json\/wp\/v2\/tags?post=2788"}],"curies":[{"name":"wp","href":"https:\/\/api.w.org\/{rel}","templated":true}]}}