{"id":2785,"date":"2020-05-19T04:40:46","date_gmt":"2020-05-19T04:40:46","guid":{"rendered":"http:\/\/news-fm.ro\/?p=2785"},"modified":"2020-05-19T04:40:52","modified_gmt":"2020-05-19T04:40:52","slug":"video-tudor-chirila-mesaj-video-pentru-iohannis-si-autoritati-de-ce-noi-nu-putem-sa-ne-facem-profesia-asa-cum-preotii-o-fac-pe-a-lor","status":"publish","type":"post","link":"https:\/\/news-fm.ro\/index.php\/2020\/05\/19\/video-tudor-chirila-mesaj-video-pentru-iohannis-si-autoritati-de-ce-noi-nu-putem-sa-ne-facem-profesia-asa-cum-preotii-o-fac-pe-a-lor\/","title":{"rendered":"VIDEO: Tudor Chiril\u0103, mesaj video pentru Iohannis \u015fi autorit\u0103\u0163i: \u201eDe ce noi nu putem s\u0103 ne facem profesia, a\u015fa cum preo\u0163ii o fac pe a lor?\u201d"},"content":{"rendered":"\n<figure class=\"wp-block-image size-large\"><img decoding=\"async\" src=\"https:\/\/news-fm.ro\/wp-content\/uploads\/2020\/05\/TUDOR-CHIRILA.png\" alt=\"\" class=\"wp-image-2786\"\/><\/figure>\n\n\n\n<p class=\"wp-block-paragraph\">Pe timpul pandemiei de COVID-19 \u0219i a st\u0103rii de urgen\u021b\u0103 arti\u0219tii nu \u0219i-au mai putut face meseria \u0219i, deci, nici nu au mai fost pl\u0103ti\u021bi.&nbsp;<\/p>\n\n\n\n<p class=\"wp-block-paragraph\">Toat\u0103 lumea, inclusiv ei, au \u00een\u021beles de ce \u0219i c\u0103 m\u0103surile luate au fost pentru protejarea \u0219i salvarea de vie\u021bi omene\u0219ti. \u00cens\u0103, odat\u0103 cu ie\u0219irea din starea de urgen\u021b\u0103, a fost anun\u021bat \u0219i c\u0103 bisericile pot \u021bine slujbe \u00een aer liber, cu m\u0103suri de distan\u021bare social\u0103, dar arti\u0219tii nu pot reveni pe scene, nici m\u0103car \u00een aer liber.&nbsp;<\/p>\n\n\n\n<p class=\"wp-block-paragraph\">\u00cen mesajul s\u0103u pentru pre\u0219edinte, premier \u0219i autorit\u0103\u021bi, Tudor Chiril\u0103 \u00eei \u00eentreab\u0103 pe ace\u0219tia de ce aceast\u0103 discriminare, c\u00e2nd o slujb\u0103 religioas\u0103 fix asta este: o pies\u0103 de teatru.&nbsp;<\/p>\n\n\n\n<blockquote class=\"wp-block-quote is-layout-flow wp-block-quote-is-layout-flow\"><p>Noi, actorii, lucr\u0103m cu publicul. Sigur, nu contribuim la PIB \u00een m\u0103sura \u00een care contribuie alte industrii, ni s-a sugerat asta de c\u0103tre autorit\u0103\u021bi, ba mai mult, unii ne consider\u0103 inutili de\u0219i a\u0219 \u00eendr\u0103zni s\u0103 spun c\u0103 teatrul e \u00een tot \u0219i \u00een toate, este cultur\u0103, iar Uniunea European\u0103 are nenum\u0103rate politici de sprijinire a culturii &nbsp;\u0219i industriilor creative. Teatrul e o meserie mai veche dec\u00e2t foarte multe din profesiile din ziua de azi. E mai veche chiar dec\u00e2t cre\u0219tinismul. Ba, apropo de cre\u0219tinism, a\u0219 spune c\u0103 religia cre\u0219tin\u0103 a \u00eemprumutat multe instrumente din arsenalul teatral. Biserica a trebuit s\u0103 se impun\u0103 \u0219i nu a fost de ajuns doar r\u0103sp\u00e2ndirea mesajului christic f\u0103r\u0103 un pic de ajutor din partea teatrului. \u00cen definitiv, slujbele sunt &nbsp;forme de spectacol pentru un public divers, iar mesajul cre\u0219tin se transmite \u0219i cu ajutorul costumelor, strucura liturghiei este dramatic\u0103, vocea impun\u0103toare a preotului este un avantaj.&nbsp;<\/p><\/blockquote>\n\n\n\n<blockquote class=\"wp-block-quote is-layout-flow wp-block-quote-is-layout-flow\"><p>Acum eu \u00een\u021beleg, domnule Iohannis \u0219i domnule Orban, parlamentari sau mini\u0219tri, c\u0103 v-a\u021bi g\u00e2ndit cu to\u021bii c\u0103 biserica poate s\u0103 \u00ee\u0219i \u021bin\u0103 slujbele \u00een aer liber, \u00een cur\u021bile lor, cu respectarea m\u0103surilor de distan\u021bare, de\u0219i aici eu am o \u00eendoial\u0103 c\u0103 a\u021bi reu\u0219it s\u0103 explica\u021bi bine tuturor cre\u0219tinilor ce \u00eenseamn\u0103 asta. Mai \u00een\u021beleg \u0219i c\u0103 biserica e o organiza\u021bie puternic\u0103 care a f\u0103cut lobby \u00een sensul \u0103sta. La fel cum \u00een\u021beleg c\u0103 exist\u0103 mul\u021bi cre\u0219tini care au nevoie de rug\u0103ciune \u0219i c\u0103rora intimitatea propriei case nu le este de ajuns \u00een aceast\u0103 perioad\u0103. Nu o spun \u00een sens ironic. Dar oare de ce disperarea preo\u021bilor de a sluji este mai ascultat\u0103 dec\u00e2t disperarea actorilor de a juca? Care este oare diferen\u021ba \u00eentre teatru \u00een aer liber \u0219i o slujb\u0103 \u00een aer liber? De ce crede\u021bi dumneavoastr\u0103 c\u0103&nbsp; lucr\u0103torii din teatru nu pot avea grij\u0103 de publicul lor \u00eentr-un spa\u021biu deschis? De ce noi nu putem s\u0103 ne facem profesia, a\u0219a cum preo\u021bii o fac pe a lor? De ce, dac\u0103 inten\u021biona\u021bi s\u0103 deschide\u021bi centre comerciale sub 15000 de mp care au magazine de p\u00e2n\u0103 la 500 de mp care pot func\u021biona, noi nu putem, de exemplu, s\u0103 juc\u0103m spectacole de unul, dou\u0103 sau trei personaje \u00een fa\u021ba unui public de cincizeci de pesoane sau chiar \u0219aptezeci\u0219icinci cu respectarea distan\u021bei de un metru \u0219i jum\u0103tate? Oare de ce nu putem folosi vara asta \u0219i \u00een favoarea actorilor, mai ales&nbsp; a celor independen\u021bi? De ce nu elabora\u021bi \u00eempreun\u0103 cu actorii \u0219i tehnicienii din teatre un set de reguli care s\u0103 \u00eei poat\u0103 ajuta s\u0103-\u0219i fac\u0103 meseria? Sigur, teatrul nu aduce voturi, actorii nu vorbesc \u00een fiecare duminic\u0103 \u00een fa\u021ba credincio\u0219ilor. Dar suntem cet\u0103\u021beni ai Rom\u00e2niei \u0219i munca este un drept fundamental. \u0218i, oric\u00e2t vi s-ar p\u0103rea de ciudat, cunosc mul\u021bi actori care prefer\u0103 s\u0103 joace dec\u00e2t s\u0103 apeleze la indemniza\u021bii.<\/p><\/blockquote>\n\n\n\n<p class=\"wp-block-paragraph\">Cel mai probabil, Chiril\u0103 nu va primi r\u0103spuns de la autorit\u0103\u021bi, chiar dac\u0103 mesajul s\u0103u este c\u00e2t se poate de pertinent.&nbsp;<\/p>\n\n\n\n<p class=\"wp-block-paragraph\">R\u0103m\u00e2ne s\u0103 vedem ce se va \u00eent\u00e2mpla peste 2 s\u0103pt\u0103m\u00e2ni, dac\u0103 vom avea parte de \u0219i mai mult\u0103 relaxare sau vom reveni la mai multe restric\u021bii.\u00a0<\/p>\n\n\n\n<figure class=\"wp-block-embed-youtube wp-block-embed is-type-video is-provider-youtube wp-embed-aspect-16-9 wp-has-aspect-ratio\"><div class=\"wp-block-embed__wrapper\">\n<iframe title=\"Actorii \u0219i dreptul la munc\u0103\" width=\"1140\" height=\"641\" src=\"https:\/\/www.youtube.com\/embed\/8bdI8zFvChk?feature=oembed\" frameborder=\"0\" allow=\"accelerometer; autoplay; clipboard-write; encrypted-media; gyroscope; picture-in-picture; web-share\" allowfullscreen><\/iframe>\n<\/div><\/figure>\n\n\n\n<p class=\"wp-block-paragraph\"><a href=\"https:\/\/www.unsitedemuzica.ro\/stiri\/Tudor-Chirila-mesaj-video-pentru-Iohannis-si-autoritati-De-ce-noi-nu-putem-sa-ne-facem-profesia-asa-cum-preotii-o-fac-pe-a-lor-p10010\">UN SITE DE MUZICA<\/a><\/p>\n","protected":false},"excerpt":{"rendered":"<p>Pe timpul pandemiei de COVID-19 \u0219i a st\u0103rii de urgen\u021b\u0103 arti\u0219tii nu \u0219i-au mai putut face meseria \u0219i, deci, nici nu au mai fost pl\u0103ti\u021bi.&nbsp; Toat\u0103 lumea, inclusiv ei, au \u00een\u021beles de ce \u0219i c\u0103 m\u0103surile luate au fost pentru protejarea \u0219i salvarea de vie\u021bi omene\u0219ti. \u00cens\u0103, odat\u0103 cu ie\u0219irea din starea de urgen\u021b\u0103, a [&hellip;]<\/p>\n","protected":false},"author":1,"featured_media":0,"comment_status":"closed","ping_status":"closed","sticky":false,"template":"","format":"standard","meta":{"_crdt_document":"","footnotes":""},"categories":[3],"tags":[],"class_list":["post-2785","post","type-post","status-publish","format-standard","hentry","category-stars"],"_links":{"self":[{"href":"https:\/\/news-fm.ro\/index.php\/wp-json\/wp\/v2\/posts\/2785","targetHints":{"allow":["GET"]}}],"collection":[{"href":"https:\/\/news-fm.ro\/index.php\/wp-json\/wp\/v2\/posts"}],"about":[{"href":"https:\/\/news-fm.ro\/index.php\/wp-json\/wp\/v2\/types\/post"}],"author":[{"embeddable":true,"href":"https:\/\/news-fm.ro\/index.php\/wp-json\/wp\/v2\/users\/1"}],"replies":[{"embeddable":true,"href":"https:\/\/news-fm.ro\/index.php\/wp-json\/wp\/v2\/comments?post=2785"}],"version-history":[{"count":0,"href":"https:\/\/news-fm.ro\/index.php\/wp-json\/wp\/v2\/posts\/2785\/revisions"}],"wp:attachment":[{"href":"https:\/\/news-fm.ro\/index.php\/wp-json\/wp\/v2\/media?parent=2785"}],"wp:term":[{"taxonomy":"category","embeddable":true,"href":"https:\/\/news-fm.ro\/index.php\/wp-json\/wp\/v2\/categories?post=2785"},{"taxonomy":"post_tag","embeddable":true,"href":"https:\/\/news-fm.ro\/index.php\/wp-json\/wp\/v2\/tags?post=2785"}],"curies":[{"name":"wp","href":"https:\/\/api.w.org\/{rel}","templated":true}]}}