{"id":2780,"date":"2020-05-19T04:36:17","date_gmt":"2020-05-19T04:36:17","guid":{"rendered":"http:\/\/news-fm.ro\/?p=2780"},"modified":"2020-05-19T04:36:20","modified_gmt":"2020-05-19T04:36:20","slug":"smiley-si-a-revazut-familia-dupa-doua-luni-de-izolare-ne-era-dor-de-imbratisarile-lor","status":"publish","type":"post","link":"https:\/\/news-fm.ro\/index.php\/2020\/05\/19\/smiley-si-a-revazut-familia-dupa-doua-luni-de-izolare-ne-era-dor-de-imbratisarile-lor\/","title":{"rendered":"Smiley \u015fi-a rev\u0103zut familia dup\u0103 dou\u0103 luni de izolare: \u201eNe era dor de \u00eembr\u0103\u0163i\u015f\u0103rile lor\u201d"},"content":{"rendered":"\n<figure class=\"wp-block-image size-large\"><img fetchpriority=\"high\" decoding=\"async\" width=\"1024\" height=\"576\" src=\"https:\/\/news-fm.ro\/wp-content\/uploads\/2020\/03\/SMILEY-1-1024x576.jpg\" alt=\"\" class=\"wp-image-2133\" srcset=\"https:\/\/news-fm.ro\/wp-content\/uploads\/2020\/03\/SMILEY-1-1024x576.jpg 1024w, https:\/\/news-fm.ro\/wp-content\/uploads\/2020\/03\/SMILEY-1-300x169.jpg 300w, https:\/\/news-fm.ro\/wp-content\/uploads\/2020\/03\/SMILEY-1-768x432.jpg 768w, https:\/\/news-fm.ro\/wp-content\/uploads\/2020\/03\/SMILEY-1-500x281.jpg 500w, https:\/\/news-fm.ro\/wp-content\/uploads\/2020\/03\/SMILEY-1.jpg 1200w\" sizes=\"(max-width: 1024px) 100vw, 1024px\" \/><\/figure>\n\n\n\n<p class=\"wp-block-paragraph\">La \u00eenceputul pandemiei de coronavirus,\u00a0Smiley a revenit \u00een \u021bar\u0103 din Statele Unite \u0219i a intrat direct \u00een autoizolare.<\/p>\n\n\n\n<p class=\"wp-block-paragraph\">Acum, odat\u0103 cu relaxarea m\u0103surilor impuse de starea de urgen\u021b\u0103, Smiley a mers al Pite\u0219ti, acolo unde \u0219i-a vizitat familia.\u00a0<\/p>\n\n\n\n<p class=\"wp-block-paragraph\">A postat pe Instagram o poz\u0103 cu familia lui \u0219i a transmis un mesaj emo\u021bionant:\u00a0<strong><em>\u201eNe era dor de \u00eembr\u0103\u021bi\u0219\u0103rile lor, de m\u00e2ncarea de la mama \u0219i bunica, de vorbele de duh ale tat\u0103lui nostru, de bucuria de a fi \u00eempreuna! Ce zi minunat\u0103!\u201d.\u00a0<\/em><\/strong><\/p>\n\n\n\n<p class=\"wp-block-paragraph\">Al\u0103turi de el a fost \u0219i fratele lui, Filip, care este CEO-ul casei de produc\u021bie HaHaHa Production.\u00a0<\/p>\n\n\n\n<p class=\"wp-block-paragraph\">Smiley nu a stat degeaba \u00een perioada de izolare, ci a lansat o pies\u0103 \u00een colaborare cu Cabron, \u201eCine-i salvez\u0103 pe eroi\u201d, dedicat\u0103 medicilor care au luptat \u00een prima linie cu un inamic invizibil.&nbsp;<\/p>\n\n\n\n<figure class=\"wp-block-embed-youtube wp-block-embed is-type-rich is-provider-embed-handler wp-embed-aspect-16-9 wp-has-aspect-ratio\"><div class=\"wp-block-embed__wrapper\">\n<iframe title=\"Smiley feat. Cabron - Cine-i salveaza pe eroi? | Official Video\" width=\"1140\" height=\"641\" src=\"https:\/\/www.youtube.com\/embed\/1lb2UK8xgDM?feature=oembed\" frameborder=\"0\" allow=\"accelerometer; autoplay; clipboard-write; encrypted-media; gyroscope; picture-in-picture; web-share\" allowfullscreen><\/iframe>\n<\/div><\/figure>\n\n\n\n<p class=\"wp-block-paragraph\">Iar recent a venit cu o alt\u0103 pies\u0103, \u201eVa fi bine!\u201d, cu un mesaj pozitiv \u00eentr-o perioad\u0103 agitat\u0103 pentru toat\u0103 lumea.&nbsp;<\/p>\n\n\n\n<figure class=\"wp-block-embed-youtube wp-block-embed is-type-rich is-provider-embed-handler wp-embed-aspect-16-9 wp-has-aspect-ratio\"><div class=\"wp-block-embed__wrapper\">\n<iframe title=\"Smiley - Va fi bine! | Official Video\" width=\"1140\" height=\"641\" src=\"https:\/\/www.youtube.com\/embed\/0caz0oanuZc?feature=oembed\" frameborder=\"0\" allow=\"accelerometer; autoplay; clipboard-write; encrypted-media; gyroscope; picture-in-picture; web-share\" allowfullscreen><\/iframe>\n<\/div><\/figure>\n\n\n\n<p class=\"wp-block-paragraph\"><a href=\"https:\/\/www.unsitedemuzica.ro\/stiri\/Smiley-si-a-revazut-familia-dupa-doua-luni-de-izolare-Ne-era-dor-de-imbratisarile-lor-p10012\">UN SITE DE MUZICA<\/a><\/p>\n","protected":false},"excerpt":{"rendered":"<p>La \u00eenceputul pandemiei de coronavirus,\u00a0Smiley a revenit \u00een \u021bar\u0103 din Statele Unite \u0219i a intrat direct \u00een autoizolare. Acum, odat\u0103 cu relaxarea m\u0103surilor impuse de starea de urgen\u021b\u0103, Smiley a mers al Pite\u0219ti, acolo unde \u0219i-a vizitat familia.\u00a0 A postat pe Instagram o poz\u0103 cu familia lui \u0219i a transmis un mesaj emo\u021bionant:\u00a0\u201eNe era dor [&hellip;]<\/p>\n","protected":false},"author":1,"featured_media":2133,"comment_status":"closed","ping_status":"closed","sticky":false,"template":"","format":"standard","meta":{"_crdt_document":"","footnotes":""},"categories":[3],"tags":[],"class_list":["post-2780","post","type-post","status-publish","format-standard","has-post-thumbnail","hentry","category-stars"],"_links":{"self":[{"href":"https:\/\/news-fm.ro\/index.php\/wp-json\/wp\/v2\/posts\/2780","targetHints":{"allow":["GET"]}}],"collection":[{"href":"https:\/\/news-fm.ro\/index.php\/wp-json\/wp\/v2\/posts"}],"about":[{"href":"https:\/\/news-fm.ro\/index.php\/wp-json\/wp\/v2\/types\/post"}],"author":[{"embeddable":true,"href":"https:\/\/news-fm.ro\/index.php\/wp-json\/wp\/v2\/users\/1"}],"replies":[{"embeddable":true,"href":"https:\/\/news-fm.ro\/index.php\/wp-json\/wp\/v2\/comments?post=2780"}],"version-history":[{"count":0,"href":"https:\/\/news-fm.ro\/index.php\/wp-json\/wp\/v2\/posts\/2780\/revisions"}],"wp:featuredmedia":[{"embeddable":true,"href":"https:\/\/news-fm.ro\/index.php\/wp-json\/wp\/v2\/media\/2133"}],"wp:attachment":[{"href":"https:\/\/news-fm.ro\/index.php\/wp-json\/wp\/v2\/media?parent=2780"}],"wp:term":[{"taxonomy":"category","embeddable":true,"href":"https:\/\/news-fm.ro\/index.php\/wp-json\/wp\/v2\/categories?post=2780"},{"taxonomy":"post_tag","embeddable":true,"href":"https:\/\/news-fm.ro\/index.php\/wp-json\/wp\/v2\/tags?post=2780"}],"curies":[{"name":"wp","href":"https:\/\/api.w.org\/{rel}","templated":true}]}}