{"id":2772,"date":"2020-05-19T04:24:14","date_gmt":"2020-05-19T04:24:14","guid":{"rendered":"http:\/\/news-fm.ro\/?p=2772"},"modified":"2020-05-19T04:24:20","modified_gmt":"2020-05-19T04:24:20","slug":"ariana-grande-a-explicat-de-ce-nu-va-compune-un-album-in-timpul-carantinei-video","status":"publish","type":"post","link":"https:\/\/news-fm.ro\/index.php\/2020\/05\/19\/ariana-grande-a-explicat-de-ce-nu-va-compune-un-album-in-timpul-carantinei-video\/","title":{"rendered":"Ariana Grande a explicat de ce nu va compune un album \u00een timpul carantinei &#8211; Video"},"content":{"rendered":"\n<figure class=\"wp-block-image size-large\"><img decoding=\"async\" src=\"https:\/\/news-fm.ro\/wp-content\/uploads\/2019\/01\/rs_1024x759-180927184903-1024-ariana-grande1-1024x759.jpg\" alt=\"\" class=\"wp-image-1017\"\/><\/figure>\n\n\n\n<p class=\"wp-block-paragraph\">Ariana Grande nu se al\u0103tur\u0103 muzicienilor care profit\u0103 de perioada de izolare pentru a lansa noi albume muzicale. \u00cen cadrul unui interviu recent, artista a explicat care e motivul din spatele acestei decizii. Mai multe detalii \u00een articol.<\/p>\n\n\n\n<p class=\"wp-block-paragraph\"><strong>Ariana Grande a fost invitat\u0103 la podcastul &#8220;Apple Music\u2019s At Home&#8221;, g\u0103zduit de Zane Lowe<\/strong>&nbsp;\u0219i a vorbit despre colaborarea cu Justin Bieber pentru piesa &#8220;Stuck with U&#8221;, dar \u0219i despre motivul pentru care refuz\u0103 s\u0103 acorde interviuri \u0219i improbabilitatea realiz\u0103rii unui nou album \u00een carantin\u0103.<\/p>\n\n\n\n<p class=\"wp-block-paragraph\">Pe 8 mai,\u00a0Grande \u0219i Bieber au lansat &#8220;Stuck With U&#8221;, prima lor colaborare, o pies\u0103 de dragoste emo\u021bionant\u0103. Grande i-a spus lui Lowe c\u0103 sper\u0103 c\u0103 melodia \u00eei poate face pe oameni s\u0103 se simt\u0103 mai pu\u021bin singuri \u0219i \u00eei poate impulsiona s\u0103 doneze. V\u00e2nz\u0103rile \u00eenregistrate de aceast\u0103 pies\u0103 vor merge c\u0103tre\u00a0First Responders Children&#8217;s Foundation, ce ofer\u0103 subven\u021bii \u0219i burse pentru copiii lucr\u0103torilor din domeniul s\u0103n\u0103t\u0103\u021bii, tehnicieni medicali de urgen\u021b\u0103, paramedici, ofi\u021beri de poli\u021bie \u0219i pompieri care servesc publicul din primele linii \u00een contextul pandemiei globale.<\/p>\n\n\n\n<blockquote class=\"wp-block-quote is-layout-flow wp-block-quote-is-layout-flow\"><p>Am vrut s\u0103 scoatem muzic\u0103 deoarece muzica este lucrul care-i face pe oameni s\u0103 se simt\u0103 bine. Este cea care ajunge cel mai bine la sufletele oamenilor \u0219i am vrut s\u0103 \u00eei umplem de optimism,<strong>\u00a0<\/strong><\/p><cite><strong>a spus Ariana Grande.<\/strong><\/cite><\/blockquote>\n\n\n\n<p class=\"wp-block-paragraph\">\u00cen ciuda faptului c\u0103 a lucrat la muzic\u0103 nou\u0103, publicul nu trebuie s\u0103 se a\u0219tepte la un viitor material discografic prea cur\u00e2nd.\u00a0De\u0219i c\u00e2nt\u0103rea\u021ba i-a spus lui Lowe c\u0103 lucreaz\u0103 la muzic\u0103 \u00een aceast\u0103 perioada de izolare, nu simte c\u0103 este momentul potrivit pentru a lansa un proiect complet.<\/p>\n\n\n\n<blockquote class=\"wp-block-quote is-layout-flow wp-block-quote-is-layout-flow\"><p>Nu m\u0103 simt cu adev\u0103rat confortabil s\u0103 scot nimic acum. Pentru c\u0103 este un moment foarte dificil din toate punctele de vedere.<\/p><\/blockquote>\n\n\n\n<figure class=\"wp-block-embed-youtube wp-block-embed is-type-video is-provider-youtube wp-embed-aspect-16-9 wp-has-aspect-ratio\"><div class=\"wp-block-embed__wrapper\">\n<iframe title=\"Ariana Grande: Justin Bieber Collaboration \u201cStuck With U\u201d and Unreleased Doja Cat Song | Apple Music\" width=\"1140\" height=\"641\" src=\"https:\/\/www.youtube.com\/embed\/Wfej_FpXzPY?feature=oembed\" frameborder=\"0\" allow=\"accelerometer; autoplay; clipboard-write; encrypted-media; gyroscope; picture-in-picture; web-share\" allowfullscreen><\/iframe>\n<\/div><\/figure>\n\n\n\n<p class=\"wp-block-paragraph\"><a href=\"https:\/\/www.infomusic.ro\/2020\/05\/ariana-grande-a-explicat-de-ce-nu-va-compune-un-album-in-timpul-carantinei-video\/\">INFO MUSIC<\/a><\/p>\n","protected":false},"excerpt":{"rendered":"<p>Ariana Grande nu se al\u0103tur\u0103 muzicienilor care profit\u0103 de perioada de izolare pentru a lansa noi albume muzicale. \u00cen cadrul unui interviu recent, artista a explicat care e motivul din spatele acestei decizii. Mai multe detalii \u00een articol. Ariana Grande a fost invitat\u0103 la podcastul &#8220;Apple Music\u2019s At Home&#8221;, g\u0103zduit de Zane Lowe&nbsp;\u0219i a vorbit [&hellip;]<\/p>\n","protected":false},"author":1,"featured_media":0,"comment_status":"closed","ping_status":"closed","sticky":false,"template":"","format":"standard","meta":{"_crdt_document":"","footnotes":""},"categories":[3],"tags":[],"class_list":["post-2772","post","type-post","status-publish","format-standard","hentry","category-stars"],"_links":{"self":[{"href":"https:\/\/news-fm.ro\/index.php\/wp-json\/wp\/v2\/posts\/2772","targetHints":{"allow":["GET"]}}],"collection":[{"href":"https:\/\/news-fm.ro\/index.php\/wp-json\/wp\/v2\/posts"}],"about":[{"href":"https:\/\/news-fm.ro\/index.php\/wp-json\/wp\/v2\/types\/post"}],"author":[{"embeddable":true,"href":"https:\/\/news-fm.ro\/index.php\/wp-json\/wp\/v2\/users\/1"}],"replies":[{"embeddable":true,"href":"https:\/\/news-fm.ro\/index.php\/wp-json\/wp\/v2\/comments?post=2772"}],"version-history":[{"count":0,"href":"https:\/\/news-fm.ro\/index.php\/wp-json\/wp\/v2\/posts\/2772\/revisions"}],"wp:attachment":[{"href":"https:\/\/news-fm.ro\/index.php\/wp-json\/wp\/v2\/media?parent=2772"}],"wp:term":[{"taxonomy":"category","embeddable":true,"href":"https:\/\/news-fm.ro\/index.php\/wp-json\/wp\/v2\/categories?post=2772"},{"taxonomy":"post_tag","embeddable":true,"href":"https:\/\/news-fm.ro\/index.php\/wp-json\/wp\/v2\/tags?post=2772"}],"curies":[{"name":"wp","href":"https:\/\/api.w.org\/{rel}","templated":true}]}}