{"id":2769,"date":"2020-05-18T04:37:00","date_gmt":"2020-05-18T04:37:00","guid":{"rendered":"http:\/\/news-fm.ro\/?p=2769"},"modified":"2020-05-18T04:37:04","modified_gmt":"2020-05-18T04:37:04","slug":"dupa-doua-luni-de-izolare-fortata-in-bali-din-cauza-coronavirusului-lora-a-anuntat-cand-se-intoarce-in-romania","status":"publish","type":"post","link":"https:\/\/news-fm.ro\/index.php\/2020\/05\/18\/dupa-doua-luni-de-izolare-fortata-in-bali-din-cauza-coronavirusului-lora-a-anuntat-cand-se-intoarce-in-romania\/","title":{"rendered":"Dup\u0103 dou\u0103 luni de izolare for\u0163at\u0103 \u00een Bali din cauza coronavirusului, Lora a anun\u0163at c\u00e2nd se \u00eentoarce \u00een Rom\u00e2nia"},"content":{"rendered":"\n<figure class=\"wp-block-image size-large\"><img decoding=\"async\" src=\"https:\/\/news-fm.ro\/wp-content\/uploads\/2020\/05\/LORA-1024x641.jpg\" alt=\"\" class=\"wp-image-2770\"\/><\/figure>\n\n\n\n<p class=\"wp-block-paragraph\">Lora poate s\u0103 fie considerat\u0103 fie norocoas\u0103, fie u\u0219or ghinionist\u0103. Pandemia de coronavirus a prins-o \u00eentr-o vacan\u021b\u0103 \u00een Bali, astfel c\u0103 nu a mai putut zbura \u00eenapoi spre Rom\u00e2nia din cauza restric\u021biilor de circula\u021bie impuse la nivel mondial. A\u0219a c\u0103 a r\u0103mas \u00een Bali timp de dou\u0103 luni, dar departe de cas\u0103.&nbsp;<\/p>\n\n\n\n<p class=\"wp-block-paragraph\">A\u0219a c\u0103 ea \u0219i iubitul ei, Ionu\u021b Ghenu, au laut toate m\u0103surile de protec\u021bie \u0219i au a\u0219teptat momentul potrivit s\u0103 revin\u0103 \u00een Rom\u00e2nia.\u00a0<\/p>\n\n\n\n<p class=\"wp-block-paragraph\">Recent, \u00eentr-o postare pe Instagram, Lora a scris c\u00e2nd ar putea s\u0103 revin\u0103 acas\u0103.<\/p>\n\n\n\n<p class=\"wp-block-paragraph\"><em>\u201ePe 9 iunie e posibil s\u0103 venim acas\u0103\u201d<\/em>, a scris Lora pe re\u021beaua social\u0103.\u00a0<\/p>\n\n\n\n<p class=\"wp-block-paragraph\">Pe de alt\u0103 parte, aventura celor doi din Bali nu a fost lipsit\u0103 de peripe\u021bii din moment ce izolarea oamenilor a dus la o epidemie de \u021b\u00e2n\u021bari care erau purt\u0103toti de virusul Dengue.<\/p>\n\n\n\n<blockquote class=\"wp-block-quote is-layout-flow wp-block-quote-is-layout-flow\"><p>Bali este plin de surprize, pl\u0103cute \u0219i nepl\u0103cute. Din p\u0103cate, izolarea oamenilor a dus la o epidemie de \u021b\u00e2n\u021bari, care poart\u0103 virusul Dengue, iar autorit\u0103\u021bile \u00eencearc\u0103 s\u0103 rezolve \u0219i aceast\u0103 problem\u0103, deoarece o doamn\u0103 doctor ne-a spus c\u0103 este mai r\u0103u s\u0103 faci dengue dec\u00e2t corona. S\u0103 sper\u0103m c\u0103 totul va fi bine, <\/p><cite>a zis Lora pentru Ciao.<\/cite><\/blockquote>\n\n\n\n<p class=\"wp-block-paragraph\"><a href=\"https:\/\/www.unsitedemuzica.ro\/stiri\/Dupa-doua-luni-de-izolare-fortata-in-Bali-din-cauza-coronavirusului-Lora-a-anuntat-cand-se-intoarce-in-Romania-p9988\">UN SITE DE MUZICA<\/a><\/p>\n","protected":false},"excerpt":{"rendered":"<p>Lora poate s\u0103 fie considerat\u0103 fie norocoas\u0103, fie u\u0219or ghinionist\u0103. Pandemia de coronavirus a prins-o \u00eentr-o vacan\u021b\u0103 \u00een Bali, astfel c\u0103 nu a mai putut zbura \u00eenapoi spre Rom\u00e2nia din cauza restric\u021biilor de circula\u021bie impuse la nivel mondial. A\u0219a c\u0103 a r\u0103mas \u00een Bali timp de dou\u0103 luni, dar departe de cas\u0103.&nbsp; A\u0219a c\u0103 ea [&hellip;]<\/p>\n","protected":false},"author":1,"featured_media":0,"comment_status":"closed","ping_status":"closed","sticky":false,"template":"","format":"standard","meta":{"_crdt_document":"","footnotes":""},"categories":[3],"tags":[],"class_list":["post-2769","post","type-post","status-publish","format-standard","hentry","category-stars"],"_links":{"self":[{"href":"https:\/\/news-fm.ro\/index.php\/wp-json\/wp\/v2\/posts\/2769","targetHints":{"allow":["GET"]}}],"collection":[{"href":"https:\/\/news-fm.ro\/index.php\/wp-json\/wp\/v2\/posts"}],"about":[{"href":"https:\/\/news-fm.ro\/index.php\/wp-json\/wp\/v2\/types\/post"}],"author":[{"embeddable":true,"href":"https:\/\/news-fm.ro\/index.php\/wp-json\/wp\/v2\/users\/1"}],"replies":[{"embeddable":true,"href":"https:\/\/news-fm.ro\/index.php\/wp-json\/wp\/v2\/comments?post=2769"}],"version-history":[{"count":0,"href":"https:\/\/news-fm.ro\/index.php\/wp-json\/wp\/v2\/posts\/2769\/revisions"}],"wp:attachment":[{"href":"https:\/\/news-fm.ro\/index.php\/wp-json\/wp\/v2\/media?parent=2769"}],"wp:term":[{"taxonomy":"category","embeddable":true,"href":"https:\/\/news-fm.ro\/index.php\/wp-json\/wp\/v2\/categories?post=2769"},{"taxonomy":"post_tag","embeddable":true,"href":"https:\/\/news-fm.ro\/index.php\/wp-json\/wp\/v2\/tags?post=2769"}],"curies":[{"name":"wp","href":"https:\/\/api.w.org\/{rel}","templated":true}]}}