{"id":2753,"date":"2020-05-15T04:25:43","date_gmt":"2020-05-15T04:25:43","guid":{"rendered":"http:\/\/news-fm.ro\/?p=2753"},"modified":"2020-05-15T04:25:49","modified_gmt":"2020-05-15T04:25:49","slug":"videoclip-oficial-amna-feat-dorian-popa-cealalta-ea","status":"publish","type":"post","link":"https:\/\/news-fm.ro\/index.php\/2020\/05\/15\/videoclip-oficial-amna-feat-dorian-popa-cealalta-ea\/","title":{"rendered":"Videoclip oficial: AMNA feat. Dorian Popa &#8211; Cealalt\u0103 ea"},"content":{"rendered":"\n<figure class=\"wp-block-image size-large\"><img decoding=\"async\" src=\"https:\/\/news-fm.ro\/wp-content\/uploads\/2019\/08\/994393-amna-5.jpg\" alt=\"\" class=\"wp-image-1631\"\/><\/figure>\n\n\n\n<p class=\"wp-block-paragraph\">Dup\u0103 piese de succes precum &#8220;Banii&#8221; \u0219i &#8220;Nu po\u021bi s\u0103 m\u0103 ui\u021bi&#8221;, care au adunat zeci de milioane de vizualiz\u0103ri pe YouTube, AMNA a colaborat din nou cu Dorian Popa pentru single-ul &#8220;Cealalt\u0103 ea&#8221;. Materialul este disponibil \u00een articol.<\/p>\n\n\n\n<p class=\"wp-block-paragraph\">Compus\u0103 \u0219i produs\u0103 de artist\u0103 \u00eempreun\u0103 cu Robert Toma \u0219i Alex Parker, piesa&nbsp;<strong>&#8220;Cealalt\u0103 ea&#8221;<\/strong>&nbsp;scoate la suprafa\u021b\u0103 dou\u0103 lucruri esen\u021biale \u00een iubire: timpul \u0219i sincronizarea perfect\u0103. Iubirea nu \u00ee\u0219i alege un moment perfect, ci pur \u0219i simplu se \u00eent\u00e2mpl\u0103, iar atunci c\u00e2nd apare \u00een via\u021ba ta, ori e\u0219ti preg\u0103tit s\u0103 o prime\u0219ti, ori nu.<\/p>\n\n\n\n<blockquote class=\"wp-block-quote is-layout-flow wp-block-quote-is-layout-flow\"><p><strong>Este extraordinar cum vocile noastre se \u00eembin\u0103 de fiecare dat\u0103 \u0219i avem aceast\u0103 chimie muzical\u0103 puternic\u0103. \u00abCealalt\u0103 ea\u00bb este a treia colaborare cu Dorian, \u00een care am foarte mare \u00eencredere. Piesa este despre women empowerment, despre acele femei care nu accept\u0103 s\u0103 fie trei \u00een rela\u021bie, care se respect\u0103 \u0219i merg \u00eenainte, pentru c\u0103 merit\u0103 mult mai mult. Pentru videoclip, am mers la mare, a fost un moment impresionant. \u00cemi era foarte dor s\u0103 simt c\u0103 \u00eemi reiau via\u021ba de dinainte de carantin\u0103, s\u0103 \u00eemi v\u0103d echipa \u0219i s\u0103 lucr\u0103m din nou ca \u00eenainte, <\/strong><\/p><cite>a povestit\u00a0<strong>AMNA<\/strong>.<\/cite><\/blockquote>\n\n\n\n<figure class=\"wp-block-embed-youtube wp-block-embed is-type-video is-provider-youtube wp-embed-aspect-16-9 wp-has-aspect-ratio\"><div class=\"wp-block-embed__wrapper\">\n<iframe title=\"AMNA feat. Dorian Popa - Cealalta Ea | Official Video\" width=\"1140\" height=\"641\" src=\"https:\/\/www.youtube.com\/embed\/TfQsDiUuc84?feature=oembed\" frameborder=\"0\" allow=\"accelerometer; autoplay; clipboard-write; encrypted-media; gyroscope; picture-in-picture; web-share\" allowfullscreen><\/iframe>\n<\/div><\/figure>\n\n\n\n<p class=\"wp-block-paragraph\"><a href=\"https:\/\/www.infomusic.ro\/videoclip\/amna-feat-dorian-popa-cealalta-ea\/\">INFO MUSIC<\/a><\/p>\n","protected":false},"excerpt":{"rendered":"<p>Dup\u0103 piese de succes precum &#8220;Banii&#8221; \u0219i &#8220;Nu po\u021bi s\u0103 m\u0103 ui\u021bi&#8221;, care au adunat zeci de milioane de vizualiz\u0103ri pe YouTube, AMNA a colaborat din nou cu Dorian Popa pentru single-ul &#8220;Cealalt\u0103 ea&#8221;. Materialul este disponibil \u00een articol. Compus\u0103 \u0219i produs\u0103 de artist\u0103 \u00eempreun\u0103 cu Robert Toma \u0219i Alex Parker, piesa&nbsp;&#8220;Cealalt\u0103 ea&#8221;&nbsp;scoate la suprafa\u021b\u0103 [&hellip;]<\/p>\n","protected":false},"author":1,"featured_media":0,"comment_status":"closed","ping_status":"closed","sticky":false,"template":"","format":"standard","meta":{"_crdt_document":"","footnotes":""},"categories":[4,3],"tags":[],"class_list":["post-2753","post","type-post","status-publish","format-standard","hentry","category-noutati","category-stars"],"_links":{"self":[{"href":"https:\/\/news-fm.ro\/index.php\/wp-json\/wp\/v2\/posts\/2753","targetHints":{"allow":["GET"]}}],"collection":[{"href":"https:\/\/news-fm.ro\/index.php\/wp-json\/wp\/v2\/posts"}],"about":[{"href":"https:\/\/news-fm.ro\/index.php\/wp-json\/wp\/v2\/types\/post"}],"author":[{"embeddable":true,"href":"https:\/\/news-fm.ro\/index.php\/wp-json\/wp\/v2\/users\/1"}],"replies":[{"embeddable":true,"href":"https:\/\/news-fm.ro\/index.php\/wp-json\/wp\/v2\/comments?post=2753"}],"version-history":[{"count":0,"href":"https:\/\/news-fm.ro\/index.php\/wp-json\/wp\/v2\/posts\/2753\/revisions"}],"wp:attachment":[{"href":"https:\/\/news-fm.ro\/index.php\/wp-json\/wp\/v2\/media?parent=2753"}],"wp:term":[{"taxonomy":"category","embeddable":true,"href":"https:\/\/news-fm.ro\/index.php\/wp-json\/wp\/v2\/categories?post=2753"},{"taxonomy":"post_tag","embeddable":true,"href":"https:\/\/news-fm.ro\/index.php\/wp-json\/wp\/v2\/tags?post=2753"}],"curies":[{"name":"wp","href":"https:\/\/api.w.org\/{rel}","templated":true}]}}